{"id":9286,"date":"2024-12-08T21:53:50","date_gmt":"2024-12-09T00:53:50","guid":{"rendered":"http:\/\/sanignacioconcepcion.cl\/sitio\/?p=9286"},"modified":"2024-12-08T21:53:50","modified_gmt":"2024-12-09T00:53:50","slug":"gala-cierre-de-ano-gimnasia-artistica","status":"publish","type":"post","link":"http:\/\/sanignacioconcepcion.cl\/sitio\/gala-cierre-de-ano-gimnasia-artistica\/","title":{"rendered":"Gala Cierre de A\u00f1o &#8211; Gimnasia Art\u00edstica"},"content":{"rendered":"<p>El pasado <strong>lunes 25 de noviembre<\/strong>, se realiz\u00f3\u00a0<strong>Gala interna de Gimnasia Art\u00edstica<\/strong>, evento que marc\u00f3 el cierre del taller de esta disciplina, donde <strong>alrededor de 50 estudiantes<\/strong> desplegaron todo su talento y dedicaci\u00f3n.<\/p>\n<p>Ni\u00f1as y ni\u00f1os de todas las categor\u00edas participaron en esta jornada, presentando esquemas de <strong>suelo y viga<\/strong> creados por ellos mismos, adem\u00e1s de una impresionante seguidilla de saltos, que demostr\u00f3 su habilidad y compromiso con este deporte.<\/p>\n<p>Como reconocimiento a su esfuerzo y progreso durante el a\u00f1o, todos los participantes recibieron una <strong>medalla<\/strong> que simboliza su constancia y esp\u00edritu deportivo.<\/p>\n<p>Felicitamos a nuestros gimnastas por su destacada participaci\u00f3n y agradecemos a sus familias por el constante apoyo y motivaci\u00f3n. \u00a1Gracias por cerrar este 2024 con tanta energ\u00eda y pasi\u00f3n! <a href=\"https:\/\/photos.app.goo.gl\/WCruBxh5faB2twtX6\">ver fotos<\/a><\/p>\n","protected":false},"excerpt":{"rendered":"<p>El pasado lunes 25 de noviembre, se realiz\u00f3\u00a0Gala interna de Gimnasia Art\u00edstica, evento que marc\u00f3 el cierre del taller de esta disciplina, donde alrededor de 50 estudiantes desplegaron todo su talento y dedicaci\u00f3n. Ni\u00f1as y ni\u00f1os de todas las categor\u00edas participaron en esta jornada, presentando esquemas de suelo y viga creados por ellos mismos, adem\u00e1s&hellip;<\/p>\n","protected":false},"author":1,"featured_media":9287,"comment_status":"closed","ping_status":"closed","sticky":false,"template":"","format":"standard","meta":[],"categories":[4],"tags":[],"_links":{"self":[{"href":"http:\/\/sanignacioconcepcion.cl\/sitio\/wp-json\/wp\/v2\/posts\/9286"}],"collection":[{"href":"http:\/\/sanignacioconcepcion.cl\/sitio\/wp-json\/wp\/v2\/posts"}],"about":[{"href":"http:\/\/sanignacioconcepcion.cl\/sitio\/wp-json\/wp\/v2\/types\/post"}],"author":[{"embeddable":true,"href":"http:\/\/sanignacioconcepcion.cl\/sitio\/wp-json\/wp\/v2\/users\/1"}],"replies":[{"embeddable":true,"href":"http:\/\/sanignacioconcepcion.cl\/sitio\/wp-json\/wp\/v2\/comments?post=9286"}],"version-history":[{"count":1,"href":"http:\/\/sanignacioconcepcion.cl\/sitio\/wp-json\/wp\/v2\/posts\/9286\/revisions"}],"predecessor-version":[{"id":9288,"href":"http:\/\/sanignacioconcepcion.cl\/sitio\/wp-json\/wp\/v2\/posts\/9286\/revisions\/9288"}],"wp:featuredmedia":[{"embeddable":true,"href":"http:\/\/sanignacioconcepcion.cl\/sitio\/wp-json\/wp\/v2\/media\/9287"}],"wp:attachment":[{"href":"http:\/\/sanignacioconcepcion.cl\/sitio\/wp-json\/wp\/v2\/media?parent=9286"}],"wp:term":[{"taxonomy":"category","embeddable":true,"href":"http:\/\/sanignacioconcepcion.cl\/sitio\/wp-json\/wp\/v2\/categories?post=9286"},{"taxonomy":"post_tag","embeddable":true,"href":"http:\/\/sanignacioconcepcion.cl\/sitio\/wp-json\/wp\/v2\/tags?post=9286"}],"curies":[{"name":"wp","href":"https:\/\/api.w.org\/{rel}","templated":true}]}}