{"id":9289,"date":"2024-12-08T22:18:40","date_gmt":"2024-12-09T01:18:40","guid":{"rendered":"http:\/\/sanignacioconcepcion.cl\/sitio\/?p=9289"},"modified":"2024-12-09T17:30:02","modified_gmt":"2024-12-09T20:30:02","slug":"debate-y-votacion-listas-postulantes-al-casi-2025-ciclo-roma","status":"publish","type":"post","link":"http:\/\/sanignacioconcepcion.cl\/sitio\/debate-y-votacion-listas-postulantes-al-casi-2025-ciclo-roma\/","title":{"rendered":"Debate y votaci\u00f3n: Listas postulantes al CASI 2025 \/ Ciclo Roma"},"content":{"rendered":"<p>El mi\u00e9rcoles 4 de diciembre, se llev\u00f3 a cabo el esperado debate entre las Listas A y B, candidatas al Centro de Alumnos\/as del Colegio San Ignacio (CASI) para el ciclo Roma 2025. Esta instancia, en la que participaron estudiantes de 7\u00ba a IV\u00ba medio, fue una plataforma clave para que ambas listas presentaran a sus equipos de trabajo, compartieran sus ideas y propuestas, y respondieran a las inquietudes de la comunidad estudiantil.<\/p>\n<p>Durante su intervenci\u00f3n, <strong>Sarai G\u00f3mez<\/strong>, candidata a presidenta por la Lista A, destac\u00f3 el prop\u00f3sito central de su candidatura: <em>\u00abNuestro llamado es simple: les invitamos a unirse a esta transformaci\u00f3n, a ser parte de un proceso que no es solo de unos pocos, sino de todos. Juntos, como comunidad, tenemos el poder de construir un futuro m\u00e1s fuerte, inclusivo y lleno de esperanza\u00bb<\/em>.<\/p>\n<p>Por su parte, la candidata a presidenta de la Lista B, <strong>Camila Venegas<\/strong>, resalt\u00f3 el enfoque de su equipo, se\u00f1alando: <em>\u00abSomos una lista de personas trabajadoras, esforzadas, perseverantes y alegres que buscan generar un cambio positivo en la comunidad escolar. Sabemos lo importante que es cuidar nuestro planeta, sentirse parte, representados, y poder gestionar nuestras emociones en momentos de estr\u00e9s y ansiedad\u00bb<\/em>.<\/p>\n<p>El debate culmin\u00f3 con una enriquecedora ronda de preguntas para ambas listas, reforzando el compromiso de las candidatas y sus equipos con los intereses de los estudiantes.<\/p>\n<p>La jornada de votaci\u00f3n, realizada el viernes 6 de diciembre, cerr\u00f3 este proceso democr\u00e1tico con un contundente resultado. La <strong>Lista A<\/strong> obtuvo la victoria con <strong>249 votos<\/strong>, convirti\u00e9ndose en la representante oficial de los estudiantes del ciclo Roma para el pr\u00f3ximo a\u00f1o.<\/p>\n<p>Felicitamos a los y las ignacianos\/as que asumir\u00e1n este importante rol, as\u00ed como al TRICEL por garantizar la transparencia y claridad en todo el proceso electoral.<\/p>\n<p>\u00a1\u00c9xito en los desaf\u00edos que se vienen para el CASI 2025!<\/p>\n<p><img loading=\"lazy\" class=\"aligncenter wp-image-9311 size-large\" src=\"http:\/\/sanignacioconcepcion.cl\/sitio\/wp-content\/uploads\/2024\/12\/WhatsApp-Image-2024-12-09-at-10.05.22-1024x700.jpeg\" alt=\"\" width=\"1024\" height=\"700\" srcset=\"http:\/\/sanignacioconcepcion.cl\/sitio\/wp-content\/uploads\/2024\/12\/WhatsApp-Image-2024-12-09-at-10.05.22-1024x700.jpeg 1024w, http:\/\/sanignacioconcepcion.cl\/sitio\/wp-content\/uploads\/2024\/12\/WhatsApp-Image-2024-12-09-at-10.05.22-768x525.jpeg 768w, http:\/\/sanignacioconcepcion.cl\/sitio\/wp-content\/uploads\/2024\/12\/WhatsApp-Image-2024-12-09-at-10.05.22-600x410.jpeg 600w, http:\/\/sanignacioconcepcion.cl\/sitio\/wp-content\/uploads\/2024\/12\/WhatsApp-Image-2024-12-09-at-10.05.22.jpeg 1460w\" sizes=\"(max-width: 1024px) 100vw, 1024px\" \/><\/p>\n","protected":false},"excerpt":{"rendered":"<p>El mi\u00e9rcoles 4 de diciembre, se llev\u00f3 a cabo el esperado debate entre las Listas A y B, candidatas al Centro de Alumnos\/as del Colegio San Ignacio (CASI) para el ciclo Roma 2025. Esta instancia, en la que participaron estudiantes de 7\u00ba a IV\u00ba medio, fue una plataforma clave para que ambas listas presentaran a&hellip;<\/p>\n","protected":false},"author":1,"featured_media":9290,"comment_status":"closed","ping_status":"closed","sticky":false,"template":"","format":"standard","meta":[],"categories":[4],"tags":[],"_links":{"self":[{"href":"http:\/\/sanignacioconcepcion.cl\/sitio\/wp-json\/wp\/v2\/posts\/9289"}],"collection":[{"href":"http:\/\/sanignacioconcepcion.cl\/sitio\/wp-json\/wp\/v2\/posts"}],"about":[{"href":"http:\/\/sanignacioconcepcion.cl\/sitio\/wp-json\/wp\/v2\/types\/post"}],"author":[{"embeddable":true,"href":"http:\/\/sanignacioconcepcion.cl\/sitio\/wp-json\/wp\/v2\/users\/1"}],"replies":[{"embeddable":true,"href":"http:\/\/sanignacioconcepcion.cl\/sitio\/wp-json\/wp\/v2\/comments?post=9289"}],"version-history":[{"count":2,"href":"http:\/\/sanignacioconcepcion.cl\/sitio\/wp-json\/wp\/v2\/posts\/9289\/revisions"}],"predecessor-version":[{"id":9312,"href":"http:\/\/sanignacioconcepcion.cl\/sitio\/wp-json\/wp\/v2\/posts\/9289\/revisions\/9312"}],"wp:featuredmedia":[{"embeddable":true,"href":"http:\/\/sanignacioconcepcion.cl\/sitio\/wp-json\/wp\/v2\/media\/9290"}],"wp:attachment":[{"href":"http:\/\/sanignacioconcepcion.cl\/sitio\/wp-json\/wp\/v2\/media?parent=9289"}],"wp:term":[{"taxonomy":"category","embeddable":true,"href":"http:\/\/sanignacioconcepcion.cl\/sitio\/wp-json\/wp\/v2\/categories?post=9289"},{"taxonomy":"post_tag","embeddable":true,"href":"http:\/\/sanignacioconcepcion.cl\/sitio\/wp-json\/wp\/v2\/tags?post=9289"}],"curies":[{"name":"wp","href":"https:\/\/api.w.org\/{rel}","templated":true}]}}