{"id":9298,"date":"2024-12-09T10:05:36","date_gmt":"2024-12-09T13:05:36","guid":{"rendered":"http:\/\/sanignacioconcepcion.cl\/sitio\/?p=9298"},"modified":"2024-12-09T10:05:36","modified_gmt":"2024-12-09T13:05:36","slug":"reflexion-y-proyeccion-sextos-basicos-participan-de-la-experiencia-camino-al-ciclo-roma","status":"publish","type":"post","link":"http:\/\/sanignacioconcepcion.cl\/sitio\/reflexion-y-proyeccion-sextos-basicos-participan-de-la-experiencia-camino-al-ciclo-roma\/","title":{"rendered":"Reflexi\u00f3n y Proyecci\u00f3n: Sextos B\u00e1sicos participan de la experiencia \u00abCamino al Ciclo Roma\u00bb"},"content":{"rendered":"<p>Los d\u00edas 4, 5 y 6 de diciembre, los estudiantes de sextos b\u00e1sicos del Colegio San Ignacio participaron en la actividad <strong>\u00abCamino al Ciclo Roma\u00bb<\/strong>, una instancia especialmente dise\u00f1ada para reflexionar sobre el periodo escolar que concluyen y proyectar los desaf\u00edos que enfrentar\u00e1n en la educaci\u00f3n media.<\/p>\n<p>El objetivo de la jornada fue fomentar la reflexi\u00f3n personal y grupal en torno a su desempe\u00f1o en diversos \u00e1mbitos de la vida: familiar, acad\u00e9mico y pastoral. Adem\u00e1s, se busc\u00f3 impulsar en los estudiantes la capacidad de plantearse metas y desaf\u00edos para el futuro inmediato, recogiendo aprendizajes y experiencias significativas del Ciclo Manresa.<\/p>\n<h3><strong>Desarrollo de la Jornada<\/strong><\/h3>\n<p>La actividad se estructur\u00f3 en diferentes momentos reflexivos y din\u00e1micos:<\/p>\n<ul>\n<li><strong>Acogida y oraci\u00f3n inicial<\/strong>: Cada profesor jefe recibi\u00f3 a los estudiantes, marcando el inicio de la jornada con un espacio de bienvenida y oraci\u00f3n conjunta.<\/li>\n<li><strong>Meditaci\u00f3n guiada<\/strong>: Se invit\u00f3 a los estudiantes a recorrer su vida como si fuese un viaje en tren, deteni\u00e9ndose en las estaciones m\u00e1s significativas de su infancia, reconociendo los momentos felices y las personas que han marcado su camino.<\/li>\n<li><strong>Trabajo en grupo<\/strong>: A trav\u00e9s de din\u00e1micas reflexivas, se exploraron aspectos personales como los recuerdos m\u00e1s significativos de su infancia, el papel de la familia y los hitos importantes de su trayectoria escolar. Los estudiantes plasmaron estos momentos en una l\u00ednea de tiempo, que se convirti\u00f3 en un s\u00edmbolo visual de su crecimiento.<\/li>\n<\/ul>\n<p>La segunda parte de la jornada permiti\u00f3 a los estudiantes reflexionar sobre su vida escolar, recordando a\u00f1os significativos, aprendizajes importantes y el impacto de los profesores y las actividades formativas en su desarrollo. Esta reflexi\u00f3n culmin\u00f3 con la creaci\u00f3n de una representaci\u00f3n gr\u00e1fica de sus aprendizajes y experiencias utilizando una figura de la palma de la mano.<\/p>\n<h3><strong>Un Viaje de Gratitud y Proyecci\u00f3n<\/strong><\/h3>\n<p>La actividad cerr\u00f3 con la proyecci\u00f3n de videos emotivos, elaborados por profesores y monitores, y un desayuno compartido que fortaleci\u00f3 los lazos entre compa\u00f1eros.<\/p>\n<p>A trav\u00e9s de esta experiencia, los estudiantes no solo se despidieron del Ciclo Manresa, sino que tambi\u00e9n prepararon su coraz\u00f3n y su mente para abrazar los desaf\u00edos y oportunidades que les esperan en el Ciclo Roma, continuando su camino ignaciano con gratitud, generosidad y esperanza. <a href=\"https:\/\/photos.app.goo.gl\/JdDbEJUfr4ugCrwJ9\">ver fotos<\/a><\/p>\n","protected":false},"excerpt":{"rendered":"<p>Los d\u00edas 4, 5 y 6 de diciembre, los estudiantes de sextos b\u00e1sicos del Colegio San Ignacio participaron en la actividad \u00abCamino al Ciclo Roma\u00bb, una instancia especialmente dise\u00f1ada para reflexionar sobre el periodo escolar que concluyen y proyectar los desaf\u00edos que enfrentar\u00e1n en la educaci\u00f3n media. El objetivo de la jornada fue fomentar la&hellip;<\/p>\n","protected":false},"author":1,"featured_media":9299,"comment_status":"closed","ping_status":"closed","sticky":false,"template":"","format":"standard","meta":[],"categories":[4],"tags":[],"_links":{"self":[{"href":"http:\/\/sanignacioconcepcion.cl\/sitio\/wp-json\/wp\/v2\/posts\/9298"}],"collection":[{"href":"http:\/\/sanignacioconcepcion.cl\/sitio\/wp-json\/wp\/v2\/posts"}],"about":[{"href":"http:\/\/sanignacioconcepcion.cl\/sitio\/wp-json\/wp\/v2\/types\/post"}],"author":[{"embeddable":true,"href":"http:\/\/sanignacioconcepcion.cl\/sitio\/wp-json\/wp\/v2\/users\/1"}],"replies":[{"embeddable":true,"href":"http:\/\/sanignacioconcepcion.cl\/sitio\/wp-json\/wp\/v2\/comments?post=9298"}],"version-history":[{"count":1,"href":"http:\/\/sanignacioconcepcion.cl\/sitio\/wp-json\/wp\/v2\/posts\/9298\/revisions"}],"predecessor-version":[{"id":9300,"href":"http:\/\/sanignacioconcepcion.cl\/sitio\/wp-json\/wp\/v2\/posts\/9298\/revisions\/9300"}],"wp:featuredmedia":[{"embeddable":true,"href":"http:\/\/sanignacioconcepcion.cl\/sitio\/wp-json\/wp\/v2\/media\/9299"}],"wp:attachment":[{"href":"http:\/\/sanignacioconcepcion.cl\/sitio\/wp-json\/wp\/v2\/media?parent=9298"}],"wp:term":[{"taxonomy":"category","embeddable":true,"href":"http:\/\/sanignacioconcepcion.cl\/sitio\/wp-json\/wp\/v2\/categories?post=9298"},{"taxonomy":"post_tag","embeddable":true,"href":"http:\/\/sanignacioconcepcion.cl\/sitio\/wp-json\/wp\/v2\/tags?post=9298"}],"curies":[{"name":"wp","href":"https:\/\/api.w.org\/{rel}","templated":true}]}}