{"id":9306,"date":"2024-12-09T11:52:31","date_gmt":"2024-12-09T14:52:31","guid":{"rendered":"http:\/\/sanignacioconcepcion.cl\/sitio\/?p=9306"},"modified":"2024-12-09T11:52:31","modified_gmt":"2024-12-09T14:52:31","slug":"el-desfile-de-las-letras-celebrando-el-cierre-del-programa-de-lectoescritura-en-kinder","status":"publish","type":"post","link":"http:\/\/sanignacioconcepcion.cl\/sitio\/el-desfile-de-las-letras-celebrando-el-cierre-del-programa-de-lectoescritura-en-kinder\/","title":{"rendered":"\u00a1El desfile de las letras! &#8211; Celebrando el Cierre del Programa de Lectoescritura en K\u00ednder"},"content":{"rendered":"<p>Con gran alegr\u00eda y emoci\u00f3n, nuestros\/as estudiantes de k\u00ednder participaron en \u00abEl desfile de las letras\u00bb, una actividad que marca el cierre del programa de lectoescritura del nivel, celebrando este importante paso en su aprendizaje.<\/p>\n<p>Bajo el lema <em>\u201cLas letras son peque\u00f1as llaves que abren grandes mundos de imaginaci\u00f3n\u201d<\/em>, se dio inicio la ceremonia. En esta ocasi\u00f3n especial, los peque\u00f1os sorprendieron a sus familias y educadores\/as con la interpretaci\u00f3n de una canci\u00f3n preparada especialmente para esta instancia: <em>\u201cLas vocales\u201d<\/em>.<\/p>\n<p>La jornada continu\u00f3 con el esperado desfile de letras, donde nuestros\/as estudiantes, gracias a su esfuerzo, constancia y perseverancia, mostraron con orgullo los avances alcanzados en el desarrollo de sus habilidades de lectoescritura.<\/p>\n<p>La celebraci\u00f3n cont\u00f3 con la presencia de las familias, quienes acompa\u00f1aron a los ni\u00f1os\/as en este importante hito. La directora del ciclo inicial, Sra. Viviana P\u00e9rez, destac\u00f3 durante su intervenci\u00f3n la relevancia de este evento, invitando a los padres y madres a seguir apoyando a sus hijos\/as en este emocionante camino hacia el aprendizaje y la lectura.<\/p>\n<p>Felicitamos a nuestros estudiantes por este gran logro y agradecemos a las familias por su constante apoyo. <a href=\"https:\/\/photos.app.goo.gl\/n4Vb7gFwk67jCUQJ9\">ver fotos<\/a><\/p>\n<p>\u00a1Sigamos abriendo puertas hacia nuevos mundos a trav\u00e9s de las letras!<\/p>\n","protected":false},"excerpt":{"rendered":"<p>Con gran alegr\u00eda y emoci\u00f3n, nuestros\/as estudiantes de k\u00ednder participaron en \u00abEl desfile de las letras\u00bb, una actividad que marca el cierre del programa de lectoescritura del nivel, celebrando este importante paso en su aprendizaje. Bajo el lema \u201cLas letras son peque\u00f1as llaves que abren grandes mundos de imaginaci\u00f3n\u201d, se dio inicio la ceremonia. En&hellip;<\/p>\n","protected":false},"author":1,"featured_media":9307,"comment_status":"closed","ping_status":"closed","sticky":false,"template":"","format":"standard","meta":[],"categories":[4],"tags":[],"_links":{"self":[{"href":"http:\/\/sanignacioconcepcion.cl\/sitio\/wp-json\/wp\/v2\/posts\/9306"}],"collection":[{"href":"http:\/\/sanignacioconcepcion.cl\/sitio\/wp-json\/wp\/v2\/posts"}],"about":[{"href":"http:\/\/sanignacioconcepcion.cl\/sitio\/wp-json\/wp\/v2\/types\/post"}],"author":[{"embeddable":true,"href":"http:\/\/sanignacioconcepcion.cl\/sitio\/wp-json\/wp\/v2\/users\/1"}],"replies":[{"embeddable":true,"href":"http:\/\/sanignacioconcepcion.cl\/sitio\/wp-json\/wp\/v2\/comments?post=9306"}],"version-history":[{"count":1,"href":"http:\/\/sanignacioconcepcion.cl\/sitio\/wp-json\/wp\/v2\/posts\/9306\/revisions"}],"predecessor-version":[{"id":9308,"href":"http:\/\/sanignacioconcepcion.cl\/sitio\/wp-json\/wp\/v2\/posts\/9306\/revisions\/9308"}],"wp:featuredmedia":[{"embeddable":true,"href":"http:\/\/sanignacioconcepcion.cl\/sitio\/wp-json\/wp\/v2\/media\/9307"}],"wp:attachment":[{"href":"http:\/\/sanignacioconcepcion.cl\/sitio\/wp-json\/wp\/v2\/media?parent=9306"}],"wp:term":[{"taxonomy":"category","embeddable":true,"href":"http:\/\/sanignacioconcepcion.cl\/sitio\/wp-json\/wp\/v2\/categories?post=9306"},{"taxonomy":"post_tag","embeddable":true,"href":"http:\/\/sanignacioconcepcion.cl\/sitio\/wp-json\/wp\/v2\/tags?post=9306"}],"curies":[{"name":"wp","href":"https:\/\/api.w.org\/{rel}","templated":true}]}}