{"id":9320,"date":"2024-12-06T20:44:26","date_gmt":"2024-12-06T23:44:26","guid":{"rendered":"http:\/\/sanignacioconcepcion.cl\/sitio\/?p=9320"},"modified":"2024-12-10T20:55:12","modified_gmt":"2024-12-10T23:55:12","slug":"reflexionando-sobre-el-quiebre-de-la-institucionalidad-democratica-en-chile","status":"publish","type":"post","link":"http:\/\/sanignacioconcepcion.cl\/sitio\/reflexionando-sobre-el-quiebre-de-la-institucionalidad-democratica-en-chile\/","title":{"rendered":"Reflexionando sobre el quiebre de la institucionalidad democr\u00e1tica en Chile"},"content":{"rendered":"<p>En el marco de los contenidos correspondientes a 2\u00b0 medio sobre el quiebre de la institucionalidad democr\u00e1tica en Chile en el a\u00f1o 1973, el curso 2MA particip\u00f3 de una significativa actividad cuyo objetivo principal fue reflexionar acerca de las causas y las formas en que el Estado chileno viol\u00f3 los derechos humanos durante la dictadura c\u00edvico-militar.<\/p>\n<p>Durante el conversatorio, se abordaron tem\u00e1ticas fundamentales como el Estado de derecho, los derechos humanos, la democracia, la Operaci\u00f3n C\u00f3ndor, la Caravana de la Muerte, la Operaci\u00f3n Retiro de Televisores, el golpe de Estado y la dictadura.<\/p>\n<p>La actividad cont\u00f3 con la destacada participaci\u00f3n de las alumnas expositoras Mar\u00eda Jos\u00e9 Andrade (3MC), Ana\u00eds Romero (3MC) y Mar\u00eda Jes\u00fas Rodr\u00edguez (3MB), quienes con gran inter\u00e9s compartieron sus conocimientos con sus compa\u00f1eros(as) del 2MA.<\/p>\n<p>En este conservatorio participaron tambi\u00e9n, educadores del colegio; el profesor Cristian Jofr\u00e9, Felipe Mu\u00f1oz y la Directora Claudia Messina, quienes compartieron sus valiosos conceptos, ideas, reflexiones y testimonios.<\/p>\n<p>El profesor a cargo de la actividad, Sr. Omar Gaete, agradeci\u00f3 al 2MA por su escucha atenta, su disciplina y los informes de calidad que entregaron sobre los t\u00f3picos tratados. Asimismo, felicit\u00f3 a las estudiantes que participaron con expositoras y extendi\u00f3 su gratitud a todos\/as los\/las educadores que contribuyeron a una instancia de aprendizaje y reflexi\u00f3n tan relevante para nuestra comunidad educativa. <a href=\"https:\/\/photos.app.goo.gl\/T6GQVqUJBQQZpnXF8\">ver fotos<\/a><\/p>\n","protected":false},"excerpt":{"rendered":"<p>En el marco de los contenidos correspondientes a 2\u00b0 medio sobre el quiebre de la institucionalidad democr\u00e1tica en Chile en el a\u00f1o 1973, el curso 2MA particip\u00f3 de una significativa actividad cuyo objetivo principal fue reflexionar acerca de las causas y las formas en que el Estado chileno viol\u00f3 los derechos humanos durante la dictadura&hellip;<\/p>\n","protected":false},"author":1,"featured_media":9322,"comment_status":"closed","ping_status":"closed","sticky":false,"template":"","format":"standard","meta":[],"categories":[4],"tags":[],"_links":{"self":[{"href":"http:\/\/sanignacioconcepcion.cl\/sitio\/wp-json\/wp\/v2\/posts\/9320"}],"collection":[{"href":"http:\/\/sanignacioconcepcion.cl\/sitio\/wp-json\/wp\/v2\/posts"}],"about":[{"href":"http:\/\/sanignacioconcepcion.cl\/sitio\/wp-json\/wp\/v2\/types\/post"}],"author":[{"embeddable":true,"href":"http:\/\/sanignacioconcepcion.cl\/sitio\/wp-json\/wp\/v2\/users\/1"}],"replies":[{"embeddable":true,"href":"http:\/\/sanignacioconcepcion.cl\/sitio\/wp-json\/wp\/v2\/comments?post=9320"}],"version-history":[{"count":2,"href":"http:\/\/sanignacioconcepcion.cl\/sitio\/wp-json\/wp\/v2\/posts\/9320\/revisions"}],"predecessor-version":[{"id":9323,"href":"http:\/\/sanignacioconcepcion.cl\/sitio\/wp-json\/wp\/v2\/posts\/9320\/revisions\/9323"}],"wp:featuredmedia":[{"embeddable":true,"href":"http:\/\/sanignacioconcepcion.cl\/sitio\/wp-json\/wp\/v2\/media\/9322"}],"wp:attachment":[{"href":"http:\/\/sanignacioconcepcion.cl\/sitio\/wp-json\/wp\/v2\/media?parent=9320"}],"wp:term":[{"taxonomy":"category","embeddable":true,"href":"http:\/\/sanignacioconcepcion.cl\/sitio\/wp-json\/wp\/v2\/categories?post=9320"},{"taxonomy":"post_tag","embeddable":true,"href":"http:\/\/sanignacioconcepcion.cl\/sitio\/wp-json\/wp\/v2\/tags?post=9320"}],"curies":[{"name":"wp","href":"https:\/\/api.w.org\/{rel}","templated":true}]}}