{"id":9324,"date":"2024-12-10T21:24:36","date_gmt":"2024-12-11T00:24:36","guid":{"rendered":"http:\/\/sanignacioconcepcion.cl\/sitio\/?p=9324"},"modified":"2024-12-10T21:24:36","modified_gmt":"2024-12-11T00:24:36","slug":"finalizacion-del-mes-de-maria-un-rosario-que-une-nuestras-oraciones-como-comunidad-ignaciana","status":"publish","type":"post","link":"http:\/\/sanignacioconcepcion.cl\/sitio\/finalizacion-del-mes-de-maria-un-rosario-que-une-nuestras-oraciones-como-comunidad-ignaciana\/","title":{"rendered":"Finalizaci\u00f3n del Mes de Mar\u00eda: Un Rosario que une nuestras oraciones como Comunidad Ignaciana"},"content":{"rendered":"<p>El pasado 6 de diciembre, nuestra comunidad se reuni\u00f3 en un significativo momento de oraci\u00f3n para dar cierre al Mes de Mar\u00eda. Este acto, realizado junto a los delegados de pastoral y representantes de CVX, MEJ y CASI Roma, estuvo marcado por una especial liturgia donde se concluy\u00f3 la confecci\u00f3n de un Rosario muy especial.<\/p>\n<p>Este Rosario, que hemos ido armando con dedicaci\u00f3n y fe, representa las oraciones, peticiones y deseos de todos los niveles que, a lo largo del mes, se acercaron a orar por sus seres queridos, familias, amigos y por nuestro pa\u00eds.<\/p>\n<p>Como Comunidad Ignaciana, pedimos a Mar\u00eda que siga intercediendo por nosotros ante el Se\u00f1or y que, tal como fue la consigna de este mes, nos ense\u00f1e a orar en comunidad. Que este gesto simb\u00f3lico sea un recordatorio de nuestra unidad y de nuestra confianza en la fuerza de la oraci\u00f3n compartida.<\/p>\n<p>Sigamos llevando adelante nuestra misi\u00f3n de construir un colegio que reza unido, con el coraz\u00f3n puesto en Dios y en el servicio a los dem\u00e1s. <a href=\"https:\/\/photos.app.goo.gl\/Ns4H71dLZYL6LgLU8\">ver fotos<\/a><\/p>\n","protected":false},"excerpt":{"rendered":"<p>El pasado 6 de diciembre, nuestra comunidad se reuni\u00f3 en un significativo momento de oraci\u00f3n para dar cierre al Mes de Mar\u00eda. Este acto, realizado junto a los delegados de pastoral y representantes de CVX, MEJ y CASI Roma, estuvo marcado por una especial liturgia donde se concluy\u00f3 la confecci\u00f3n de un Rosario muy especial.&hellip;<\/p>\n","protected":false},"author":1,"featured_media":9325,"comment_status":"closed","ping_status":"closed","sticky":false,"template":"","format":"standard","meta":[],"categories":[4],"tags":[],"_links":{"self":[{"href":"http:\/\/sanignacioconcepcion.cl\/sitio\/wp-json\/wp\/v2\/posts\/9324"}],"collection":[{"href":"http:\/\/sanignacioconcepcion.cl\/sitio\/wp-json\/wp\/v2\/posts"}],"about":[{"href":"http:\/\/sanignacioconcepcion.cl\/sitio\/wp-json\/wp\/v2\/types\/post"}],"author":[{"embeddable":true,"href":"http:\/\/sanignacioconcepcion.cl\/sitio\/wp-json\/wp\/v2\/users\/1"}],"replies":[{"embeddable":true,"href":"http:\/\/sanignacioconcepcion.cl\/sitio\/wp-json\/wp\/v2\/comments?post=9324"}],"version-history":[{"count":1,"href":"http:\/\/sanignacioconcepcion.cl\/sitio\/wp-json\/wp\/v2\/posts\/9324\/revisions"}],"predecessor-version":[{"id":9326,"href":"http:\/\/sanignacioconcepcion.cl\/sitio\/wp-json\/wp\/v2\/posts\/9324\/revisions\/9326"}],"wp:featuredmedia":[{"embeddable":true,"href":"http:\/\/sanignacioconcepcion.cl\/sitio\/wp-json\/wp\/v2\/media\/9325"}],"wp:attachment":[{"href":"http:\/\/sanignacioconcepcion.cl\/sitio\/wp-json\/wp\/v2\/media?parent=9324"}],"wp:term":[{"taxonomy":"category","embeddable":true,"href":"http:\/\/sanignacioconcepcion.cl\/sitio\/wp-json\/wp\/v2\/categories?post=9324"},{"taxonomy":"post_tag","embeddable":true,"href":"http:\/\/sanignacioconcepcion.cl\/sitio\/wp-json\/wp\/v2\/tags?post=9324"}],"curies":[{"name":"wp","href":"https:\/\/api.w.org\/{rel}","templated":true}]}}