{"id":9331,"date":"2024-12-11T17:14:50","date_gmt":"2024-12-11T20:14:50","guid":{"rendered":"http:\/\/sanignacioconcepcion.cl\/sitio\/?p=9331"},"modified":"2024-12-11T17:14:50","modified_gmt":"2024-12-11T20:14:50","slug":"ya-se-leer-celebramos-el-logro-lectoescritor-de-nuestros-primeros-basicos","status":"publish","type":"post","link":"http:\/\/sanignacioconcepcion.cl\/sitio\/ya-se-leer-celebramos-el-logro-lectoescritor-de-nuestros-primeros-basicos\/","title":{"rendered":"\u00abYa s\u00e9 leer\u00bb: Celebramos el logro lectoescritor de nuestros primeros b\u00e1sicos"},"content":{"rendered":"<p>El pasado viernes 6, se llev\u00f3 a cabo la emotiva ceremonia \u00abYa s\u00e9 leer\u00bb, una actividad que marca un hito en el desarrollo acad\u00e9mico de los estudiantes de primeros b\u00e1sicos, quienes han culminado exitosamente su proceso de aprendizaje lectoescritor.<\/p>\n<p>Bajo el lema \u00abLa lectura nos abre las puertas del mundo que te atreves a imaginar\u00bb, se dio inicio a esta jornada llena de alegr\u00eda y orgullo. A lo largo del a\u00f1o, este camino estuvo marcado por esfuerzo y perseverancia, lo que qued\u00f3 reflejado en la maravillosa lectura del libro \u00abUn perro confundido\u00bb, interpretada por los estudiantes durante la ceremonia.<\/p>\n<p>El evento cont\u00f3 con la participaci\u00f3n de sus educadoras, directivos y familias, quienes se unieron para celebrar este importante paso. Como cierre, los estudiantes deleitaron al p\u00fablico con una especial interpretaci\u00f3n de la canci\u00f3n \u00abEn mi escuela\u00bb, preparada con mucho cari\u00f1o para la ocasi\u00f3n.<\/p>\n<p>La directora del ciclo, Sra. Viviana P\u00e9rez, felicit\u00f3 a los estudiantes por este gran logro: \u00abaprender a leer\u00bb, y extendi\u00f3 una invitaci\u00f3n a los padres para continuar fomentando la lectura durante el periodo de vacaciones.<\/p>\n<p>Desde ahora, el camino de nuestros estudiantes es distinto; las letras y palabras han cobrado un nuevo significado y sentido en sus vidas. <a href=\"https:\/\/photos.app.goo.gl\/tetag9nAPwQTxbqH9\">ver fotos<\/a><\/p>\n","protected":false},"excerpt":{"rendered":"<p>El pasado viernes 6, se llev\u00f3 a cabo la emotiva ceremonia \u00abYa s\u00e9 leer\u00bb, una actividad que marca un hito en el desarrollo acad\u00e9mico de los estudiantes de primeros b\u00e1sicos, quienes han culminado exitosamente su proceso de aprendizaje lectoescritor. Bajo el lema \u00abLa lectura nos abre las puertas del mundo que te atreves a imaginar\u00bb,&hellip;<\/p>\n","protected":false},"author":1,"featured_media":9332,"comment_status":"closed","ping_status":"closed","sticky":false,"template":"","format":"standard","meta":[],"categories":[4],"tags":[],"_links":{"self":[{"href":"http:\/\/sanignacioconcepcion.cl\/sitio\/wp-json\/wp\/v2\/posts\/9331"}],"collection":[{"href":"http:\/\/sanignacioconcepcion.cl\/sitio\/wp-json\/wp\/v2\/posts"}],"about":[{"href":"http:\/\/sanignacioconcepcion.cl\/sitio\/wp-json\/wp\/v2\/types\/post"}],"author":[{"embeddable":true,"href":"http:\/\/sanignacioconcepcion.cl\/sitio\/wp-json\/wp\/v2\/users\/1"}],"replies":[{"embeddable":true,"href":"http:\/\/sanignacioconcepcion.cl\/sitio\/wp-json\/wp\/v2\/comments?post=9331"}],"version-history":[{"count":1,"href":"http:\/\/sanignacioconcepcion.cl\/sitio\/wp-json\/wp\/v2\/posts\/9331\/revisions"}],"predecessor-version":[{"id":9333,"href":"http:\/\/sanignacioconcepcion.cl\/sitio\/wp-json\/wp\/v2\/posts\/9331\/revisions\/9333"}],"wp:featuredmedia":[{"embeddable":true,"href":"http:\/\/sanignacioconcepcion.cl\/sitio\/wp-json\/wp\/v2\/media\/9332"}],"wp:attachment":[{"href":"http:\/\/sanignacioconcepcion.cl\/sitio\/wp-json\/wp\/v2\/media?parent=9331"}],"wp:term":[{"taxonomy":"category","embeddable":true,"href":"http:\/\/sanignacioconcepcion.cl\/sitio\/wp-json\/wp\/v2\/categories?post=9331"},{"taxonomy":"post_tag","embeddable":true,"href":"http:\/\/sanignacioconcepcion.cl\/sitio\/wp-json\/wp\/v2\/tags?post=9331"}],"curies":[{"name":"wp","href":"https:\/\/api.w.org\/{rel}","templated":true}]}}