{"id":9345,"date":"2024-12-13T17:32:22","date_gmt":"2024-12-13T20:32:22","guid":{"rendered":"http:\/\/sanignacioconcepcion.cl\/sitio\/?p=9345"},"modified":"2024-12-13T17:32:22","modified_gmt":"2024-12-13T20:32:22","slug":"ceremonia-de-premiacion-2024","status":"publish","type":"post","link":"http:\/\/sanignacioconcepcion.cl\/sitio\/ceremonia-de-premiacion-2024\/","title":{"rendered":"Ceremonia de Premiaci\u00f3n 2024"},"content":{"rendered":"<p>El jueves 12 de diciembre se llev\u00f3 a cabo la Ceremonia de Premiaci\u00f3n de nuestros estudiantes, un evento en el que reconocimos su esfuerzo, dedicaci\u00f3n y superaci\u00f3n en el camino hacia sus metas, destacando logros en diferentes \u00e1reas que reflejan los valores de la educaci\u00f3n ignaciana.<\/p>\n<p>La ceremonia se realiz\u00f3 en tres horarios distintos para cada ciclo y ante la presencia de sus educadores\/as y familias. El evento fue una oportunidad para celebrar los m\u00e9ritos individuales y colectivos de nuestra comunidad. Entre los galardones entregados se encuentran el <strong>Premio al Mejor Compa\u00f1ero<\/strong>, el <strong>Premio San Alberto Hurtado<\/strong> \u2014otorgado al estudiante que mejor ha encarnado los valores de la fe, la espiritualidad y la religiosidad ignaciana\u2014, el reconocimiento a la <strong>Excelencia Acad\u00e9mica<\/strong>,<strong>\u00a0Artes y Deporte<\/strong>, y uno de los m\u00e1s significativo, el <strong>Premio San Ignacio de Loyola<\/strong>. Este \u00faltimo distingue a quienes representan la integralidad de la formaci\u00f3n ignaciana, destac\u00e1ndose como personas conscientes, competentes, compasivas y comprometidas, siendo ejemplo de vida para sus compa\u00f1eros.<\/p>\n<p>A nuestros ni\u00f1os, ni\u00f1as y j\u00f3venes ignacianos, les animamos a seguir multiplicando sus talentos y poni\u00e9ndolos al servicio de los dem\u00e1s, para continuar inspirando con su ejemplo a toda nuestra comunidad.<\/p>\n<p>Te invitamos a revisar las im\u00e1genes que nos dejo esta emotiva ceremonia:<\/p>\n<p><a href=\"https:\/\/photos.app.goo.gl\/i14xaicrz4EsThUV7\">Premiaci\u00f3n Ciclo Loyola<\/a><\/p>\n<p><a href=\"https:\/\/photos.app.goo.gl\/J1cTD9UjUirRPcXu6\">Premiaci\u00f3n Ciclo Manresa<\/a><\/p>\n<p><a href=\"https:\/\/photos.app.goo.gl\/JD2QRSgSPhbuKhJ69\">Premiaci\u00f3n Ciclo Roma<\/a><\/p>\n","protected":false},"excerpt":{"rendered":"<p>El jueves 12 de diciembre se llev\u00f3 a cabo la Ceremonia de Premiaci\u00f3n de nuestros estudiantes, un evento en el que reconocimos su esfuerzo, dedicaci\u00f3n y superaci\u00f3n en el camino hacia sus metas, destacando logros en diferentes \u00e1reas que reflejan los valores de la educaci\u00f3n ignaciana. La ceremonia se realiz\u00f3 en tres horarios distintos para&hellip;<\/p>\n","protected":false},"author":1,"featured_media":9346,"comment_status":"closed","ping_status":"closed","sticky":false,"template":"","format":"standard","meta":[],"categories":[4],"tags":[],"_links":{"self":[{"href":"http:\/\/sanignacioconcepcion.cl\/sitio\/wp-json\/wp\/v2\/posts\/9345"}],"collection":[{"href":"http:\/\/sanignacioconcepcion.cl\/sitio\/wp-json\/wp\/v2\/posts"}],"about":[{"href":"http:\/\/sanignacioconcepcion.cl\/sitio\/wp-json\/wp\/v2\/types\/post"}],"author":[{"embeddable":true,"href":"http:\/\/sanignacioconcepcion.cl\/sitio\/wp-json\/wp\/v2\/users\/1"}],"replies":[{"embeddable":true,"href":"http:\/\/sanignacioconcepcion.cl\/sitio\/wp-json\/wp\/v2\/comments?post=9345"}],"version-history":[{"count":1,"href":"http:\/\/sanignacioconcepcion.cl\/sitio\/wp-json\/wp\/v2\/posts\/9345\/revisions"}],"predecessor-version":[{"id":9347,"href":"http:\/\/sanignacioconcepcion.cl\/sitio\/wp-json\/wp\/v2\/posts\/9345\/revisions\/9347"}],"wp:featuredmedia":[{"embeddable":true,"href":"http:\/\/sanignacioconcepcion.cl\/sitio\/wp-json\/wp\/v2\/media\/9346"}],"wp:attachment":[{"href":"http:\/\/sanignacioconcepcion.cl\/sitio\/wp-json\/wp\/v2\/media?parent=9345"}],"wp:term":[{"taxonomy":"category","embeddable":true,"href":"http:\/\/sanignacioconcepcion.cl\/sitio\/wp-json\/wp\/v2\/categories?post=9345"},{"taxonomy":"post_tag","embeddable":true,"href":"http:\/\/sanignacioconcepcion.cl\/sitio\/wp-json\/wp\/v2\/tags?post=9345"}],"curies":[{"name":"wp","href":"https:\/\/api.w.org\/{rel}","templated":true}]}}