{"id":9349,"date":"2024-12-16T15:18:51","date_gmt":"2024-12-16T18:18:51","guid":{"rendered":"http:\/\/sanignacioconcepcion.cl\/sitio\/?p=9349"},"modified":"2024-12-16T17:50:41","modified_gmt":"2024-12-16T20:50:41","slug":"premiacion-del-xxii-campeonato-escolar-de-matematica-cmat","status":"publish","type":"post","link":"http:\/\/sanignacioconcepcion.cl\/sitio\/premiacion-del-xxii-campeonato-escolar-de-matematica-cmat\/","title":{"rendered":"Premiaci\u00f3n del XXII Campeonato Escolar de Matem\u00e1tica (CMAT)"},"content":{"rendered":"<p>El martes se realiz\u00f3 la premiaci\u00f3n de los estudiantes del Colegio San Ignacio que participaron en el destacado XXII Campeonato Escolar de Matem\u00e1tica (CMAT), organizado a nivel nacional y cuya sede local fue la Universidad del B\u00edo-B\u00edo. Este campeonato, llevado a cabo en cuatro fechas a lo largo del a\u00f1o, reuni\u00f3 a cerca de 6.500 mil estudiantes de ense\u00f1anza media de todo el pa\u00eds.<\/p>\n<p>De este gran grupo, solo 300 estudiantes fueron reconocidos por su desempe\u00f1o a nivel nacional, y nos llena de orgullo compartir que 3 estudiantes del SIC obtuvieron reconocimientos destacados:\u20283\u00ba lugar: Felipe R\u00edos de 3MC<br \/>\n4\u00ba lugar: Victoria Araneda y Tom\u00e1s Uribe de 3\u00baMB<\/p>\n<p>Durante la ceremonia de premiaci\u00f3n, contamos con la presencia de la Directora de nuestro colegio, quien destac\u00f3 el esfuerzo, la preparaci\u00f3n y el entusiasmo de los estudiantes al participar, por primera vez, en este campeonato. Asimismo, valor\u00f3 el compromiso y apoyo de los profesores, Joaqu\u00edn Gajardo y Alejandra Barros.<br \/>\nLa premiaci\u00f3n tambi\u00e9n fue un momento especial para los familiares, ya que algunos padres y madres de los estudiantes premiados estuvieron presentes, celebrando este importante logro junto a ellos.<br \/>\nDestacar que este campeonato promueve el desarrollo del razonamiento l\u00f3gico y pensamiento matem\u00e1tico a trav\u00e9s de pruebas individuales y grupales.<\/p>\n<p>Nuestro colegio present\u00f3 dos equipos:\u2028Equipo de I\u00ba y II\u00ba Medio: Ignacio Lorente, Carolina Rojas, Vicente Carrasco, Benjam\u00edn Soto y Josefa Carvajal.\u2028Equipo de III\u00ba y IV\u00ba Medio: Victoria Araneda, Tom\u00e1s Uribe, Felipe R\u00edos, Pablo Pineda y Crist\u00f3bal Cepeda.<\/p>\n<p>Los\/las estudiantes calificaron esta experiencia como desafiante y enriquecedora, destacando la oportunidad de trabajar en equipo y aprender junto a sus pares. <a href=\"https:\/\/photos.app.goo.gl\/39NuUU3AsQimResm7\">ver fotos<\/a><\/p>\n","protected":false},"excerpt":{"rendered":"<p>El martes se realiz\u00f3 la premiaci\u00f3n de los estudiantes del Colegio San Ignacio que participaron en el destacado XXII Campeonato Escolar de Matem\u00e1tica (CMAT), organizado a nivel nacional y cuya sede local fue la Universidad del B\u00edo-B\u00edo. Este campeonato, llevado a cabo en cuatro fechas a lo largo del a\u00f1o, reuni\u00f3 a cerca de 6.500&hellip;<\/p>\n","protected":false},"author":1,"featured_media":9360,"comment_status":"closed","ping_status":"closed","sticky":false,"template":"","format":"standard","meta":[],"categories":[4],"tags":[],"_links":{"self":[{"href":"http:\/\/sanignacioconcepcion.cl\/sitio\/wp-json\/wp\/v2\/posts\/9349"}],"collection":[{"href":"http:\/\/sanignacioconcepcion.cl\/sitio\/wp-json\/wp\/v2\/posts"}],"about":[{"href":"http:\/\/sanignacioconcepcion.cl\/sitio\/wp-json\/wp\/v2\/types\/post"}],"author":[{"embeddable":true,"href":"http:\/\/sanignacioconcepcion.cl\/sitio\/wp-json\/wp\/v2\/users\/1"}],"replies":[{"embeddable":true,"href":"http:\/\/sanignacioconcepcion.cl\/sitio\/wp-json\/wp\/v2\/comments?post=9349"}],"version-history":[{"count":1,"href":"http:\/\/sanignacioconcepcion.cl\/sitio\/wp-json\/wp\/v2\/posts\/9349\/revisions"}],"predecessor-version":[{"id":9351,"href":"http:\/\/sanignacioconcepcion.cl\/sitio\/wp-json\/wp\/v2\/posts\/9349\/revisions\/9351"}],"wp:featuredmedia":[{"embeddable":true,"href":"http:\/\/sanignacioconcepcion.cl\/sitio\/wp-json\/wp\/v2\/media\/9360"}],"wp:attachment":[{"href":"http:\/\/sanignacioconcepcion.cl\/sitio\/wp-json\/wp\/v2\/media?parent=9349"}],"wp:term":[{"taxonomy":"category","embeddable":true,"href":"http:\/\/sanignacioconcepcion.cl\/sitio\/wp-json\/wp\/v2\/categories?post=9349"},{"taxonomy":"post_tag","embeddable":true,"href":"http:\/\/sanignacioconcepcion.cl\/sitio\/wp-json\/wp\/v2\/tags?post=9349"}],"curies":[{"name":"wp","href":"https:\/\/api.w.org\/{rel}","templated":true}]}}