{"id":9352,"date":"2024-12-16T15:33:48","date_gmt":"2024-12-16T18:33:48","guid":{"rendered":"http:\/\/sanignacioconcepcion.cl\/sitio\/?p=9352"},"modified":"2024-12-16T15:33:48","modified_gmt":"2024-12-16T18:33:48","slug":"campamento-de-verano-mej-cual-es-nuestra-mision","status":"publish","type":"post","link":"http:\/\/sanignacioconcepcion.cl\/sitio\/campamento-de-verano-mej-cual-es-nuestra-mision\/","title":{"rendered":"Campamento de Verano MEJ &#8211; \u00ab\u00bfCu\u00e1l es nuestra misi\u00f3n?"},"content":{"rendered":"<p>Los d\u00edas 13, 14 y 15 de diciembre, se llev\u00f3 a cabo el <strong>Campamento de Verano del MEJ<\/strong>\u00a0en la localidad de Quill\u00f3n, una experiencia inolvidable que llev\u00f3 por t\u00edtulo <strong>\u201c\u00bfCu\u00e1l es nuestra misi\u00f3n?\u201d<\/strong> y estuvo acompa\u00f1ado del lema <strong>\u201cVivamos al estilo de Jes\u00fas\u201d<\/strong>.<\/p>\n<p>El campamento tuvo como prop\u00f3sito principal fomentar en los <strong>33 estudiantes participantes<\/strong> (desde 1ro b\u00e1sico a II\u00ba medio) un coraz\u00f3n compasivo y dispuesto al servicio, anim\u00e1ndolos a ser verdaderos testigos del amor de Dios en sus familias, comunidades y en las vidas de quienes los rodean.<\/p>\n<p>A trav\u00e9s de diversas actividades, din\u00e1micas y momentos de reflexi\u00f3n, los estudiantes pudieron fortalecer valores como la solidaridad, el respeto y el compromiso, viviendo plenamente la experiencia de la fe en comunidad y acerc\u00e1ndose al ejemplo de Jes\u00fas como modelo de vida.<\/p>\n<p>Agradecemos a todos quienes hicieron posible esta hermosa instancia formativa, que sin duda dej\u00f3 huellas significativas en el coraz\u00f3n de cada participante.<\/p>\n<p>\u00a1Sigamos construyendo juntos un mundo lleno de esperanza y amor al estilo de Jes\u00fas!<\/p>\n<p>&nbsp;<\/p>\n","protected":false},"excerpt":{"rendered":"<p>Los d\u00edas 13, 14 y 15 de diciembre, se llev\u00f3 a cabo el Campamento de Verano del MEJ\u00a0en la localidad de Quill\u00f3n, una experiencia inolvidable que llev\u00f3 por t\u00edtulo \u201c\u00bfCu\u00e1l es nuestra misi\u00f3n?\u201d y estuvo acompa\u00f1ado del lema \u201cVivamos al estilo de Jes\u00fas\u201d. El campamento tuvo como prop\u00f3sito principal fomentar en los 33 estudiantes participantes&hellip;<\/p>\n","protected":false},"author":1,"featured_media":9353,"comment_status":"closed","ping_status":"closed","sticky":false,"template":"","format":"standard","meta":[],"categories":[4],"tags":[],"_links":{"self":[{"href":"http:\/\/sanignacioconcepcion.cl\/sitio\/wp-json\/wp\/v2\/posts\/9352"}],"collection":[{"href":"http:\/\/sanignacioconcepcion.cl\/sitio\/wp-json\/wp\/v2\/posts"}],"about":[{"href":"http:\/\/sanignacioconcepcion.cl\/sitio\/wp-json\/wp\/v2\/types\/post"}],"author":[{"embeddable":true,"href":"http:\/\/sanignacioconcepcion.cl\/sitio\/wp-json\/wp\/v2\/users\/1"}],"replies":[{"embeddable":true,"href":"http:\/\/sanignacioconcepcion.cl\/sitio\/wp-json\/wp\/v2\/comments?post=9352"}],"version-history":[{"count":1,"href":"http:\/\/sanignacioconcepcion.cl\/sitio\/wp-json\/wp\/v2\/posts\/9352\/revisions"}],"predecessor-version":[{"id":9354,"href":"http:\/\/sanignacioconcepcion.cl\/sitio\/wp-json\/wp\/v2\/posts\/9352\/revisions\/9354"}],"wp:featuredmedia":[{"embeddable":true,"href":"http:\/\/sanignacioconcepcion.cl\/sitio\/wp-json\/wp\/v2\/media\/9353"}],"wp:attachment":[{"href":"http:\/\/sanignacioconcepcion.cl\/sitio\/wp-json\/wp\/v2\/media?parent=9352"}],"wp:term":[{"taxonomy":"category","embeddable":true,"href":"http:\/\/sanignacioconcepcion.cl\/sitio\/wp-json\/wp\/v2\/categories?post=9352"},{"taxonomy":"post_tag","embeddable":true,"href":"http:\/\/sanignacioconcepcion.cl\/sitio\/wp-json\/wp\/v2\/tags?post=9352"}],"curies":[{"name":"wp","href":"https:\/\/api.w.org\/{rel}","templated":true}]}}