{"id":9408,"date":"2025-01-06T16:07:16","date_gmt":"2025-01-06T19:07:16","guid":{"rendered":"http:\/\/sanignacioconcepcion.cl\/sitio\/?p=9408"},"modified":"2025-01-06T16:09:00","modified_gmt":"2025-01-06T19:09:00","slug":"reportaje-tvn-el-modelo-educativo-que-desafia-las-brechas-socioeconomicas-en-chile","status":"publish","type":"post","link":"http:\/\/sanignacioconcepcion.cl\/sitio\/reportaje-tvn-el-modelo-educativo-que-desafia-las-brechas-socioeconomicas-en-chile\/","title":{"rendered":"Reportaje TVN &#8211; \u00abEl modelo educativo que desaf\u00eda las brechas socioecon\u00f3micas en Chile\u00bb"},"content":{"rendered":"<p>\ud83d\udcf9Compartimos el reportaje que realiz\u00f3 TVN al Colegio San Ignacio de Concepci\u00f3n perteneciente a la Red Educacional Ignaciana.<\/p>\n<p>El proyecto del colegio es ofrecer una educaci\u00f3n con los est\u00e1ndares de un establecimiento particular-pagado, pero con mecanismos de ingreso y estrategias que favorezcan la inclusi\u00f3n en su sentido m\u00e1s amplio. Se trata de un modelo propio de pa\u00edses desarrollados, que intenta abrirse paso en Chile, buscando desafiar la encrucijada que com\u00fanmente opone educaci\u00f3n de calidad v\/s educaci\u00f3n inclusiva._<\/p>\n<p>\u00a1Creemos y apostamos por la integraci\u00f3n social!<\/p>\n<p><iframe loading=\"lazy\" title=\"Reportaje TVN - SIC\" src=\"https:\/\/www.youtube.com\/embed\/lPnC8kwHbN8\" width=\"1280\" height=\"720\" frameborder=\"0\" allowfullscreen=\"allowfullscreen\"><\/iframe><\/p>\n","protected":false},"excerpt":{"rendered":"<p>\ud83d\udcf9Compartimos el reportaje que realiz\u00f3 TVN al Colegio San Ignacio de Concepci\u00f3n perteneciente a la Red Educacional Ignaciana. El proyecto del colegio es ofrecer una educaci\u00f3n con los est\u00e1ndares de un establecimiento particular-pagado, pero con mecanismos de ingreso y estrategias que favorezcan la inclusi\u00f3n en su sentido m\u00e1s amplio. Se trata de un modelo propio&hellip;<\/p>\n","protected":false},"author":1,"featured_media":9410,"comment_status":"closed","ping_status":"closed","sticky":false,"template":"","format":"standard","meta":[],"categories":[4],"tags":[],"_links":{"self":[{"href":"http:\/\/sanignacioconcepcion.cl\/sitio\/wp-json\/wp\/v2\/posts\/9408"}],"collection":[{"href":"http:\/\/sanignacioconcepcion.cl\/sitio\/wp-json\/wp\/v2\/posts"}],"about":[{"href":"http:\/\/sanignacioconcepcion.cl\/sitio\/wp-json\/wp\/v2\/types\/post"}],"author":[{"embeddable":true,"href":"http:\/\/sanignacioconcepcion.cl\/sitio\/wp-json\/wp\/v2\/users\/1"}],"replies":[{"embeddable":true,"href":"http:\/\/sanignacioconcepcion.cl\/sitio\/wp-json\/wp\/v2\/comments?post=9408"}],"version-history":[{"count":1,"href":"http:\/\/sanignacioconcepcion.cl\/sitio\/wp-json\/wp\/v2\/posts\/9408\/revisions"}],"predecessor-version":[{"id":9409,"href":"http:\/\/sanignacioconcepcion.cl\/sitio\/wp-json\/wp\/v2\/posts\/9408\/revisions\/9409"}],"wp:featuredmedia":[{"embeddable":true,"href":"http:\/\/sanignacioconcepcion.cl\/sitio\/wp-json\/wp\/v2\/media\/9410"}],"wp:attachment":[{"href":"http:\/\/sanignacioconcepcion.cl\/sitio\/wp-json\/wp\/v2\/media?parent=9408"}],"wp:term":[{"taxonomy":"category","embeddable":true,"href":"http:\/\/sanignacioconcepcion.cl\/sitio\/wp-json\/wp\/v2\/categories?post=9408"},{"taxonomy":"post_tag","embeddable":true,"href":"http:\/\/sanignacioconcepcion.cl\/sitio\/wp-json\/wp\/v2\/tags?post=9408"}],"curies":[{"name":"wp","href":"https:\/\/api.w.org\/{rel}","templated":true}]}}