{"id":9448,"date":"2025-02-28T17:41:16","date_gmt":"2025-02-28T20:41:16","guid":{"rendered":"https:\/\/sanignacioconcepcion.cl\/sitio\/?p=9448"},"modified":"2025-03-05T07:31:00","modified_gmt":"2025-03-05T10:31:00","slug":"informacion-inicio-ano-escolar","status":"publish","type":"post","link":"http:\/\/sanignacioconcepcion.cl\/sitio\/informacion-inicio-ano-escolar\/","title":{"rendered":"Informaci\u00f3n inicio a\u00f1o escolar &#8211; Horarios"},"content":{"rendered":"<p>Querida Comunidad:<br \/>\nLes saludo atentamente, deseando que hayan tenido unas reparadoras vacaciones en familia.<\/p>\n<p>Ya pr\u00f3ximos a darles la bienvenida oficial a la comunidad en general, compartimos informaci\u00f3n relevante para los primeros d\u00edas de clases:<\/p>\n<p><strong>Inicio a\u00f1o escolar 2025: Mi\u00e9rcoles 5 de marzo.<\/strong><\/p>\n<p><strong>Horario mi\u00e9rcoles 5 y jueves 6 de marzo:<\/strong><br \/>\n08:00 a 12:35 Pre K\u00ednder, K\u00ednder, 1ros y 2dos b\u00e1sicos (Ciclo Loyola)<br \/>\n08:00 a 13:20 horas: 3ros b\u00e1sicos a 8vos b\u00e1sicos.<br \/>\n08:00 a 14:15 horas: I\u00ba a IV\u00ba medio.<\/p>\n<p><strong>Horario viernes 7 de marzo:<\/strong><br \/>\n08:00 a 12:35 Pre K\u00ednder, K\u00ednder, 1ros y 2dos b\u00e1sicos (Ciclo Loyola)<br \/>\n08:00 a 13:20 horas: 3ro b\u00e1sico a IV\u00ba medio (Ciclos Manresa y Roma)<\/p>\n<p>A partir del lunes 10 de marzo, salida seg\u00fan horario de cada nivel. Desde el 04 de marzo podr\u00e1n <a href=\"http:\/\/sanignacioconcepcion.cl\/sitio\/horarios-de-clases-2025\/\">revisar los horarios publicados en nuestra web.<\/a><\/p>\n<p><strong>JUNAEB:<\/strong> A partir del 5 de marzo comenzar\u00e1 a funcionar el servicio para nuestros\/as estudiantes.<\/p>\n<p>Los y las invito a comenzar este nuevo a\u00f1o escolar con mucha alegr\u00eda y entusiasmo, a seguir trabajando juntos en esta gran misi\u00f3n educativa que tenemos como comunidad.<\/p>\n<p>Atentamente,<\/p>\n<p>Claudia Messina A.<br \/>\nDirectora<\/p>\n","protected":false},"excerpt":{"rendered":"<p>Querida Comunidad: Les saludo atentamente, deseando que hayan tenido unas reparadoras vacaciones en familia. Ya pr\u00f3ximos a darles la bienvenida oficial a la comunidad en general, compartimos informaci\u00f3n relevante para los primeros d\u00edas de clases: Inicio a\u00f1o escolar 2025: Mi\u00e9rcoles 5 de marzo. Horario mi\u00e9rcoles 5 y jueves 6 de marzo: 08:00 a 12:35 Pre&hellip;<\/p>\n","protected":false},"author":1,"featured_media":0,"comment_status":"closed","ping_status":"closed","sticky":false,"template":"","format":"standard","meta":[],"categories":[3],"tags":[],"_links":{"self":[{"href":"http:\/\/sanignacioconcepcion.cl\/sitio\/wp-json\/wp\/v2\/posts\/9448"}],"collection":[{"href":"http:\/\/sanignacioconcepcion.cl\/sitio\/wp-json\/wp\/v2\/posts"}],"about":[{"href":"http:\/\/sanignacioconcepcion.cl\/sitio\/wp-json\/wp\/v2\/types\/post"}],"author":[{"embeddable":true,"href":"http:\/\/sanignacioconcepcion.cl\/sitio\/wp-json\/wp\/v2\/users\/1"}],"replies":[{"embeddable":true,"href":"http:\/\/sanignacioconcepcion.cl\/sitio\/wp-json\/wp\/v2\/comments?post=9448"}],"version-history":[{"count":2,"href":"http:\/\/sanignacioconcepcion.cl\/sitio\/wp-json\/wp\/v2\/posts\/9448\/revisions"}],"predecessor-version":[{"id":9527,"href":"http:\/\/sanignacioconcepcion.cl\/sitio\/wp-json\/wp\/v2\/posts\/9448\/revisions\/9527"}],"wp:attachment":[{"href":"http:\/\/sanignacioconcepcion.cl\/sitio\/wp-json\/wp\/v2\/media?parent=9448"}],"wp:term":[{"taxonomy":"category","embeddable":true,"href":"http:\/\/sanignacioconcepcion.cl\/sitio\/wp-json\/wp\/v2\/categories?post=9448"},{"taxonomy":"post_tag","embeddable":true,"href":"http:\/\/sanignacioconcepcion.cl\/sitio\/wp-json\/wp\/v2\/tags?post=9448"}],"curies":[{"name":"wp","href":"https:\/\/api.w.org\/{rel}","templated":true}]}}