{"id":9525,"date":"2025-03-04T07:27:58","date_gmt":"2025-03-04T10:27:58","guid":{"rendered":"http:\/\/sanignacioconcepcion.cl\/sitio\/?p=9525"},"modified":"2025-03-05T07:29:49","modified_gmt":"2025-03-05T10:29:49","slug":"informativo-convivencia-escolar-inicio-de-ano-2025","status":"publish","type":"post","link":"http:\/\/sanignacioconcepcion.cl\/sitio\/informativo-convivencia-escolar-inicio-de-ano-2025\/","title":{"rendered":"Informativo Convivencia Escolar &#8211; Inicio de A\u00f1o 2025"},"content":{"rendered":"<p style=\"text-align: right;\">San Pedro de la Paz, 4 de marzo de 2025<\/p>\n<p style=\"text-align: left;\">Estimadas familias,<\/p>\n<p style=\"text-align: left;\">Junto con saludar, queremos informar que seguimos comprometidos con la implementaci\u00f3n de acciones que contribuyan a generar espacios sanos y seguros para toda nuestra comunidad Ignaciana. En este contexto y considerando la importancia del desarrollo integral de nuestros estudiantes, hemos decidido reforzar las restricciones sobre el uso de dispositivos electr\u00f3nicos durante la jornada escolar, ampliando esta medida para los niveles de 7\u00ba y 8\u00ba b\u00e1sicos.<\/p>\n<p style=\"text-align: left;\">A partir de esta actualizaci\u00f3n, las medidas quedan establecidas de la siguiente manera:<br \/>\n1. Desde Prek\u00ednder hasta 8\u00ba b\u00e1sico: Se proh\u00edbe completamente el uso y la portabilidad de tel\u00e9fonos celulares, tablets, smartwatch infantiles con SIM, consolas de juegos port\u00e1tiles y otros dispositivos similares durante toda la jornada escolar.<\/p>\n<p style=\"text-align: left;\">2. Desde 1\u00ba a 4\u00ba medio: Se restringe el uso de tel\u00e9fonos celulares durante el desarrollo de clases, a menos que su uso sea espec\u00edficamente autorizado por el\/la docente con fines educativos (investigaci\u00f3n, actividades espec\u00edficas, etc.).<\/p>\n<p style=\"text-align: left;\">Esta medida fue discutida, evaluada y aprobada durante el a\u00f1o 2024 en el Consejo Escolar, organismo conformado por representantes de; padres y apoderados, estudiantes, profesores, administrativos, Capell\u00e1n del Colegio, Directora y Convivencia Escolar. Su objetivo principal es resguardar el bienestar de todos los miembros de nuestra comunidad educativa, promoviendo un ambiente de aprendizaje libre de distracciones y propicio para el desarrollo acad\u00e9mico y personal de los estudiantes.<\/p>\n<p style=\"text-align: left;\">Adem\u00e1s, queremos recordar la importancia del correcto uso del uniforme escolar. M\u00e1s all\u00e1 de su funci\u00f3n pr\u00e1ctica, el uniforme fortalece la identidad institucional y fomenta un sentido de pertenencia y comunidad dentro de nuestra instituci\u00f3n. Por ello, en caso de detectar situaciones irregulares relacionadas con su uso, nos comunicaremos con los apoderados a trav\u00e9s de los asistentes de ciclo y\/o profesores jefes para realizar el debido seguimiento.<\/p>\n<p style=\"text-align: left;\">Del mismo modo, reafirmamos nuestro compromiso con nuestros estudiantes y sus familias en el cumplimiento de la asistencia diaria y el respeto de los horarios escolares. La puntualidad y la asistencia regular son fundamentales para un aprendizaje efectivo. En este sentido:<\/p>\n<p style=\"text-align: left;\">\u2022 El horario de ingreso a la jornada escolar es a las 08:00 horas, por lo que es necesario que los y las estudiantes est\u00e9n en sus salas de clases a la hora se\u00f1alada.<br \/>\n\u2022 Ante cualquier eventualidad, los apoderados pueden comunicarse con el\/la profesor\/a jefe o la Directora de Ciclo correspondiente.<\/p>\n<p style=\"text-align: left;\">El seguimiento de estas acciones estar\u00e1 a cargo de los\/las Asistentes de Ciclo y Profesores Jefes, quienes acompa\u00f1ar\u00e1n y apoyar\u00e1n a los\/las estudiantes en el cumplimiento de estas normas.<\/p>\n<p style=\"text-align: left;\">Agradecemos su comprensi\u00f3n y colaboraci\u00f3n en la implementaci\u00f3n de estas medidas, las cuales buscan fortalecer la convivencia escolar y el desarrollo de un ambiente propicio para el aprendizaje.<\/p>\n<p style=\"text-align: left;\">Atentamente,<br \/>\nConvivencia Escolar<br \/>\nDirecci\u00f3n SIC<\/p>\n","protected":false},"excerpt":{"rendered":"<p>San Pedro de la Paz, 4 de marzo de 2025 Estimadas familias, Junto con saludar, queremos informar que seguimos comprometidos con la implementaci\u00f3n de acciones que contribuyan a generar espacios sanos y seguros para toda nuestra comunidad Ignaciana. En este contexto y considerando la importancia del desarrollo integral de nuestros estudiantes, hemos decidido reforzar las&hellip;<\/p>\n","protected":false},"author":1,"featured_media":0,"comment_status":"closed","ping_status":"closed","sticky":false,"template":"","format":"standard","meta":[],"categories":[3],"tags":[],"_links":{"self":[{"href":"http:\/\/sanignacioconcepcion.cl\/sitio\/wp-json\/wp\/v2\/posts\/9525"}],"collection":[{"href":"http:\/\/sanignacioconcepcion.cl\/sitio\/wp-json\/wp\/v2\/posts"}],"about":[{"href":"http:\/\/sanignacioconcepcion.cl\/sitio\/wp-json\/wp\/v2\/types\/post"}],"author":[{"embeddable":true,"href":"http:\/\/sanignacioconcepcion.cl\/sitio\/wp-json\/wp\/v2\/users\/1"}],"replies":[{"embeddable":true,"href":"http:\/\/sanignacioconcepcion.cl\/sitio\/wp-json\/wp\/v2\/comments?post=9525"}],"version-history":[{"count":1,"href":"http:\/\/sanignacioconcepcion.cl\/sitio\/wp-json\/wp\/v2\/posts\/9525\/revisions"}],"predecessor-version":[{"id":9526,"href":"http:\/\/sanignacioconcepcion.cl\/sitio\/wp-json\/wp\/v2\/posts\/9525\/revisions\/9526"}],"wp:attachment":[{"href":"http:\/\/sanignacioconcepcion.cl\/sitio\/wp-json\/wp\/v2\/media?parent=9525"}],"wp:term":[{"taxonomy":"category","embeddable":true,"href":"http:\/\/sanignacioconcepcion.cl\/sitio\/wp-json\/wp\/v2\/categories?post=9525"},{"taxonomy":"post_tag","embeddable":true,"href":"http:\/\/sanignacioconcepcion.cl\/sitio\/wp-json\/wp\/v2\/tags?post=9525"}],"curies":[{"name":"wp","href":"https:\/\/api.w.org\/{rel}","templated":true}]}}