{"id":9559,"date":"2025-01-03T08:03:25","date_gmt":"2025-01-03T11:03:25","guid":{"rendered":"http:\/\/sanignacioconcepcion.cl\/sitio\/?p=9559"},"modified":"2025-03-10T08:11:05","modified_gmt":"2025-03-10T11:11:05","slug":"discurso-licenciatura-generacion-2024","status":"publish","type":"post","link":"http:\/\/sanignacioconcepcion.cl\/sitio\/discurso-licenciatura-generacion-2024\/","title":{"rendered":"Discurso Licenciatura &#8211; Generaci\u00f3n 2024"},"content":{"rendered":"<p><img loading=\"lazy\" class=\"alignnone size-medium wp-image-9561\" src=\"http:\/\/sanignacioconcepcion.cl\/sitio\/wp-content\/uploads\/2025\/03\/CSI-LICENCIATURA-295-300x300.jpg\" alt=\"\" width=\"300\" height=\"300\" srcset=\"http:\/\/sanignacioconcepcion.cl\/sitio\/wp-content\/uploads\/2025\/03\/CSI-LICENCIATURA-295-300x300.jpg 300w, http:\/\/sanignacioconcepcion.cl\/sitio\/wp-content\/uploads\/2025\/03\/CSI-LICENCIATURA-295-150x150.jpg 150w\" sizes=\"(max-width: 300px) 100vw, 300px\" \/><\/p>\n<p>Buenas noches a todos los presentes; junto a mis compa\u00f1eros y en representaci\u00f3n de nuestra querida Generaci\u00f3n 2024, hicimos este discurso para dirigirnos por \u00faltima vez a la Comunidad Ignaciana.<\/p>\n<p>Hoy, Viernes 15 de Noviembre del a\u00f1o 2024, es la \u00faltima vez que pisaremos este colegio en la forma que lo hemos hecho desde que entramos por primera vez; algunos llegamos en Playgroup, otros hace 1 a\u00f1o. Sin embargo, todos hemos creado recuerdos que, al salir de este gimnasio, atesoraremos por toda nuestra vida. Un d\u00eda como hoy, hace 11 a\u00f1os, est\u00e1bamos despidiendo a nuestros compa\u00f1eros de Cuarto Medio del a\u00f1o 2013, sin saber que desde ese momento nos ir\u00edamos adentrando en este largo y hermoso camino que fue nuestro paso por el Colegio. \u00bfQui\u00e9n lo dir\u00eda? Ahora somos nosotros quienes nos despedimos con el coraz\u00f3n lleno de sentimientos, experiencias y aprendizajes para entregar a los dem\u00e1s.<\/p>\n<p>Pero\u2026 compa\u00f1eros, hoy no estemos tristes ni temerosos, sino que felices y satisfechos de lo logrado. Atesoremos lo que hemos aprendido y dispong\u00e1monos a poner en pr\u00e1ctica los valores que hemos cultivado d\u00eda a d\u00eda durante todos estos a\u00f1os. Esta despedida no la vivimos solos, sino con todos los aqu\u00ed presentes. Porque en el San Ignacio no se vive ajeno a lo que le ocurre al de al lado, pues somos una comunidad que se apoya y acompa\u00f1a tanto en los momentos m\u00e1s dif\u00edciles como en los que hay que sentirse dichosos, como as\u00ed lo es este d\u00eda.<\/p>\n<p>Nos presentamos ante todos ustedes como una Generaci\u00f3n. 125 ignacianos e ignacianas a punto de convertirse en exalumnos. Y as\u00ed como ser\u00eda imposible no reconocer en este discurso la uni\u00f3n y el inmenso cari\u00f1o a nivel generacional, tampoco podr\u00edamos hablar de nosotros sin recordar la identidad y experiencias particulares de nuestros tres cursos. Cada uno se junt\u00f3 en Primero B\u00e1sico, hemos despedido a muchos compa\u00f1eros, pero tambi\u00e9n acogido a otros tantos. Dicho esto, cabe recalcar que la esencia de cada letra es real y diferente una de otra, debido a esto, ser\u00e1 bueno que recordemos algo de la historia de cada Cuarto Medio de la Generaci\u00f3n 2024.<\/p>\n<p>Primeramente, el Cuarto Medio A, \u2018Bernardino Realino\u2019. Tuvimos tantos momentos llenos de risas. \u00bfRecuerdan esos d\u00edas donde jug\u00e1bamos al trencito, donde el \u00faltimo sal\u00eda volando hasta el otro lado del colegio?, \u00bfo esos almuerzos donde jug\u00e1bamos al polic\u00eda y ladr\u00f3n, corr\u00edamos por todo el patio y perd\u00eda el \u00faltimo en llegar a la puerta de la sala? Fueron esas peque\u00f1as alegr\u00edas cotidianas, que junto con momentos m\u00e1s concretos como los Encuentros con Cristo o Visitas Solidarias donde hac\u00edamos brillar nuestra esencia y creatividad, surg\u00edan millones de formas para entretener a los ni\u00f1os de los jardines que visit\u00e1bamos, instancias que nos un\u00edan m\u00e1s como curso, cada m\u00e1s fuertes y cercanos.<\/p>\n<p>Al pasar a Octavo, lleg\u00f3 la pandemia. Congel\u00f3 nuestras vidas y rompi\u00f3 nuestra rutina, pero no logr\u00f3 romper los lazos que nos un\u00edan los unos con los otros, estos pudieron ser felizmente fortalecidos, creando al gran curso que somos hoy. Ya no \u00e9ramos esos ni\u00f1os que disfrutaban de jugar a las escondidas, nos hab\u00edamos convertido en adolescentes con ganas de descubrir el mundo. Nos encontramos como nuevas personas, reconociendo en los dem\u00e1s y en nosotros mismos lo que hab\u00eda cambiado. Pese a cu\u00e1nto hab\u00edamos crecido, la esencia del curso segu\u00eda intacta. Siempre alegres, organizados, solidarios, comprometidos y con un gran coraz\u00f3n. Siempre uni\u00e9ndonos para reclamar por alg\u00fan trabajo o para vender todo en el stand de la fiesta huasa.<\/p>\n<p>Por esos a\u00f1os las fiestas tambi\u00e9n quedaron grabadas en nuestros recuerdos. Como aquella fiesta ne\u00f3n en la sala con bolsas negras en las ventanas, ri\u00e9ndonos con nuestros dientes brillando en la oscuridad o cuando bail\u00e1bamos en la sala hasta que cayeran gotas de sudor al piso. Tambi\u00e9n los paseos de curso, como a la Laguna y Ainahue, con guerras de bombitas de agua y nadando durante todo el d\u00eda hasta que nuestras caras estuvieran rojas por el sol, o hasta que el fr\u00edo nos hac\u00eda temblar al anochecer.<\/p>\n<p>En este camino, tuvimos profesores que nos ense\u00f1aron el valor del trabajo en equipo y la solidaridad, y que hoy nos gustar\u00eda reconocer y agradecer. Ang\u00e9lica Riffo, quien con paciencia nos ayud\u00f3 a dar nuestros primeros pasos en el colegio y que siempre estar\u00e1 presente en nuestros corazones como nuestra primera profesora jefe. Marisol \u00c1lvarez, que asumi\u00f3 el rol de profesora jefe en medio de la pandemia, quien logr\u00f3 conectarse con nosotros en un momento dif\u00edcil y termin\u00f3 gan\u00e1ndose nuestro cari\u00f1o con su gran personalidad. Pablo Iturra que nos acompa\u00f1\u00f3 en este \u00faltimo tramo, siempre record\u00e1ndonos las preguntas clave para la PAES, haciendo leer a todos textos interminables, pero sin dejar de darnos risas a lo largo de todo el camino. Y la \u00faltima que conocimos, pero no la menos importante, la Profe Elisa, que m\u00e1s que una profe diferencial, se convirti\u00f3 en una segunda madre para muchos. Nos cuid\u00f3, apoy\u00f3 y defendi\u00f3 como una superhero\u00edna y conquist\u00f3 a cada uno de nosotros con su risa, abrazos y juguetes antiestr\u00e9s, gracias por encaminarnos e iluminar nuestro camino a la recta final.<\/p>\n<p>As\u00ed tambi\u00e9n, el Cuarto Medio B, \u2018Isaac Jogues\u2019. Parece que han pasado los a\u00f1os y seguimos siendo ese grupo de personas revoltosas que no se callan con nada nunca. Siempre fuimos los mismos, dif\u00edciles de tratar pero con mucho amor que entregar. Hicimos tantas locuras juntos que hay una infinidad de buenos momentos que contar. \u00bfSe acuerdan cuando jug\u00e1bamos al zombie y cuando lleg\u00e1bamos a la sala los profes nos ten\u00edan que ba\u00f1ar en Lysol? En fin, esa es una de muchas. De aquellos a\u00f1os en la B\u00e1sica, queremos recordar y agradecer la compa\u00f1\u00eda y entrega del Profesor Roberto Unzaga, quien falleci\u00f3 a mediados de su jefatura con nosotros en Sexto B\u00e1sico. Profe, sigue muy presente en nuestra memoria y corazones.<\/p>\n<p>Tras la pandemia, la convivencia del curso se vio un poco afectada, pero con el pasar de los meses volvimos a ser ese grupo de personas gritonas y desordenadas del que los profes siempre se quejaban. Segundo Medio fue nuestro a\u00f1o: el regreso definitivo, \u00bfse acuerdan cuando ped\u00edamos ir al patio todo el tiempo y jug\u00e1bamos a la pelota con todos? \u00bfo cuando nos junt\u00e1bamos con la Generaci\u00f3n en Orientaci\u00f3n? \u00bfo cuando nos fuimos de campamento en el paseo de curso y jugamos en el r\u00edo tir\u00e1ndonos agua?<\/p>\n<p>Tercero Medio fue un choque con la realidad que nos hizo darnos cuenta de que realmente ese era el inicio de un final, aquel final que ya estaba por venir tras 15 a\u00f1os en el Colegio. Fue fuerte y no lo quer\u00edamos aceptar, pero afortunadamente el Profe Fabi\u00e1n nos acompa\u00f1\u00f3 en este \u00faltimo tramo y comenz\u00f3 a conocernos mejor; nos defend\u00eda cada vez que nos port\u00e1bamos mal y nos retaba por lo mismo. Tambi\u00e9n el a\u00f1o pasado, tuvimos nuestro esperado reencuentro con la amada Profe Pauli Osses; volvimos a verla tras un largo recorrido por la Ense\u00f1anza Media y pudimos evidenciar que el cari\u00f1o que nos ten\u00edamos nunca se fue, es m\u00e1s, se fortaleci\u00f3.<\/p>\n<p>Y llegamos a \u00e9ste a\u00f1o, Cuarto Medio. La uni\u00f3n entre nosotros se not\u00f3 cada vez m\u00e1s fuerte y reforzada. Lleg\u00e1bamos todos los d\u00edas pensando en qu\u00e9 pod\u00edamos hacer entre nosotros para pasarlo bien, o en qu\u00e9 cosas \u00edbamos a poner en nuestras semblanzas. Aquella cuenta de Instagram que creamos fue nuestro medio para pegarnos el show subiendo videos chistosos de nosotros, no dur\u00f3 mucho porque perdimos la creatividad y no concret\u00e1bamos las ideas. Meses despu\u00e9s, enfrentamos la realidad con cierta negaci\u00f3n y comenzamos a escribir las semblanzas, un proceso largo y tedioso el cual de todas maneras disfrutamos; la del profe la m\u00e1s chistosa y qu\u00e9 decir de la del curso. Y ah\u00ed mismo se nos ocurri\u00f3 una \u00faltima locura, una \u00faltima broma a nuestro querido Profe Fabi\u00e1n; fue algo tan sencillo como irnos a la biblioteca antes de que llegara a la sala y esperar a que nos fuera a buscar. \u00bfSali\u00f3 mal? S\u00ed. \u00bfNos ret\u00f3? M\u00e1s o menos. \u00bfLo pasamos bien? Por supuesto que s\u00ed. Como siempre en toda nuestra historia.<\/p>\n<p>Y por \u00faltimo, el Cuarto Medio C, \u2018Gabriel Lalement\u2019. Se ha ido formando a lo largo de los a\u00f1os, viviendo nuevas experiencias e integrando nuevos compa\u00f1eros, hemos pasado por tantos cambios y siempre mostrando fortaleza al momento de enfrentarse a toda adversidad. Nos conocimos siendo ni\u00f1os peque\u00f1os e inquietos, hab\u00edan algunos rostros conocidos y tambi\u00e9n se distingu\u00edan los rostros por conocer.<\/p>\n<p>La T\u00eda Leo fue la primera que nos acompa\u00f1\u00f3, nos acogi\u00f3 con infinita dulzura y naturalidad, nos guio en la trabajosa labor de aprender a leer, sumar, restar, y sobre todo a compartir. M\u00e1s tarde con la Profe Ivania conocimos un contraste muy grande en relaci\u00f3n a lo que conoc\u00edamos, nos ense\u00f1\u00f3 c\u00f3mo enfrentarnos a las asperezas de la vida, lo importante de nuestras opiniones y que val\u00eda la pena defenderlas a capa y espada. Nos ense\u00f1\u00f3 a ser tolerantes con los dem\u00e1s y con nosotros mismos.<\/p>\n<p>Tiempo despu\u00e9s la Profe Mar\u00eda Ang\u00e9lica que, aunque convivimos poquito, nos ense\u00f1\u00f3 de empat\u00eda y con un inmenso cari\u00f1o siempre fue un rostro alegre y un abrazo c\u00e1lido para quien se la llegara a encontrar. En sexto b\u00e1sico fuimos la primera jefatura del Profe Felipe, \u00bf\u00a1cu\u00e1nto lo hicimos rabiar!? Pero sabemos que nos quiere, pues es con quien crecimos y a quien tambi\u00e9n hemos visto crecer. A\u00f1os m\u00e1s tarde, lleg\u00f3 la pandemia y vaya que nos afect\u00f3. Al volver a clases, era dif\u00edcil animarse a conversar, una mezcla de timidez e incertidumbre nos invad\u00eda y hac\u00eda dif\u00edcil adivinar lo que pensaba el otro. Hab\u00edamos cambiado tanto y tan poco a la vez.<\/p>\n<p>As\u00ed nos recibi\u00f3 el Profe Gerald, y se dedic\u00f3 a sacarnos de las burbujas individuales en las que est\u00e1bamos, unific\u00f3 al curso con las celebraciones de cumplea\u00f1os y el famoso Pater Noster todas las ma\u00f1anas. Nos ense\u00f1\u00f3 lo muy significativo que puede ser un \u201c\u00a1buenos d\u00edas!\u201d, un \u201c\u00a1que tengan una linda semana!\u201d, un \u201c\u00a1los quiero!\u201d o un \u201c\u00a1sean felices!\u201d que puede sonar simple pero lleno siempre de cari\u00f1o. Profe, con constancia logr\u00f3 enverdecer los lazos entre cada uno de nosotros. Muchas gracias por decidir acompa\u00f1arnos a pesar de todo.<\/p>\n<p>Sabemos que cost\u00f3 un poco, pero una vez m\u00e1s salimos adelante y nos convertirnos en lo que somos hoy. Un curso risue\u00f1o, cooperativo, un curso que se apa\u00f1a siempre. Por esto y mucho m\u00e1s es que no podemos terminar de hablar del Cuarto C sin antes mencionar a nuestro imprescindible compa\u00f1ero Antonio Alegr\u00eda o To\u00f1o Bely para los amigos. Desde que lleg\u00f3 al curso en Segundo B\u00e1sico ha logrado hacer de nuestros d\u00edas un verdadero cumplea\u00f1os, repartiendo su inmensa felicidad, invit\u00e1ndonos a jugar o a bailar cada vez que se daba la oportunidad. Radiante de energ\u00eda y cari\u00f1o, una personalidad din\u00e1mica y contagiosa, simplemente el alma de la fiesta. Gracias To\u00f1o por ense\u00f1arnos a apreciar la vida y por querernos tanto siempre. Gracias por hacerle justicia a tu apellido. \u00a1Esperamos ir todos juntos contigo a Monterrey!<\/p>\n<p>Queda claro que cada curso egresado hoy es \u00fanico. Sin embargo, la generaci\u00f3n que se despide se ha caracterizado por recoger lo aprendido y aplicarlo en diversas aristas de nuestras vidas. Gozamos de habilidades fervientes, lo cual es motivo de celebraci\u00f3n. Celebremos y reconozcamos la enredadera de cualidades que hemos podido cultivar en lo que data de nuestra vida. Entre \u00e9stas, el amplio desarrollo en \u00e1reas acad\u00e9micas, espirituales, art\u00edsticas y deportivas.<\/p>\n<p>Somos seres humanos, sentimos. Somos personas y por eso mismo la formaci\u00f3n que nos brinda el colegio, de la mano de Pastoral, es tan relevante para muchos en cada etapa de la vida. Para algunos\u2026 una oficina, para otros un hogar, pero para todos fue un lugar de confianza. Nuestra querida pastoral; todos hemos pasado alguna vez por ese alegre espacio, que aunque siempre llenos de trabajo, nunca les faltaba la disposici\u00f3n para escuchar y aconsejar a cada uno de nosotros; a ayudarnos a crecer.<\/p>\n<p>Comenzamos siendo ni\u00f1os inocentes, so\u00f1adores y llenos de ganas de aprender y vivir. Recordemos aquel Encuentro con Cristo de Pre-K\u00ednder, donde le enviamos un mensaje a Jes\u00fas mediante un globo al cielo y luego, al llegar a la sala, este globo estaba reventado, siendo se\u00f1al de que nuestros deseos hab\u00edan sido recibidos. Ahora mismo podr\u00edamos verlo como una realidad o met\u00e1fora, hoy nuestro sue\u00f1o es mucho m\u00e1s grande: el anhelo de hacer de nuestra sociedad un lugar m\u00e1s justo y ameno. A medida que fuimos creciendo comenzamos a descubrir un nuevo mundo: entramos a MEJ, a Scout y a los grupos de primera comuni\u00f3n, seguimos yendo a los Encuentros con Cristo, \u00edbamos a visitas solidarias y en 2018 hicimos la gran Ruta Ignaciana donde nos ense\u00f1aron a conectar con la naturaleza. Justo a la vuelta de la pandemia, muchos encontramos un lugar muy especial, la CVX. Finalmente, en 2023, nos adentramos en uno de los m\u00e1s grandes desaf\u00edos apost\u00f3licos que nos prepara el colegio: Jeric\u00f3. En donde, durante una semana trabajamos por nada m\u00e1s que una sonrisa o un muchas gracias. Gracias a todas estas experiencias que nuestro colegio nos ha hecho vivir, en ellas hemos podido gestar infinidades de cualidades humanas y espirituales que nos van a ser de ayuda en nuestro futuro.<\/p>\n<p>Por otra parte, tambi\u00e9n somos deportistas. La salud y la actividad f\u00edsica tambi\u00e9n han sido un medio de expresi\u00f3n y crecimiento para cada uno de los ahora licenciados. Hemos aprendido m\u00e1s sobre nuestra propia cultura, a cuidarnos mientras cuidamos de otros y a pasarla bien mientras se disfruta del deporte. Pero lo m\u00e1s destacable de todo esto es ver c\u00f3mo hemos cultivado la constancia, fortaleza y perseverancia y c\u00f3mo estos valores no son s\u00f3lo individuales, sino tambi\u00e9n colectivos; que un buen juego no se gana con un buen jugador sino con un buen equipo, o que un mal partido no es producto del mal trabajo en conjunto. Evidenciamos el gran esfuerzo de cada uno de los deportistas de la Generaci\u00f3n destacando nuestros logros a nivel regional, nacional e incluso internacional y, obviamente, a quienes nos formaron como tal. Muchas gracias a cada uno de los profesores de Educaci\u00f3n F\u00edsica por ense\u00f1arnos a ser constantes, tolerantes y emp\u00e1ticos, tanto dentro como fuera de la cancha. Por ense\u00f1arnos a ser buenos ganadores y buenos perdedores, pero por sobre todo a ser buenos compa\u00f1eros, personas atentas y pacientes.<\/p>\n<p>El arte es y siempre ha sido un elemento destacable en nuestra generaci\u00f3n, un l\u00e1piz antes de iniciar un boceto, una u\u00f1eta antes de tocar un acorde, siempre fueron un motor cargado y recargado mil veces, una necesidad insaciable de compartir y transmitir todo lo que llevamos dentro de nuestros latentes corazones. Cada uno de nosotros ha dejado en evidencia que el talento sumado a horas de pr\u00e1ctica y mucha pero mucha perseverancia han dado sus frutos, hemos mostrado nuestra forma m\u00e1s genuina en todo momento.<\/p>\n<p>Recordemos que hace cerca de un mes vivimos la esperada Noche de las Artes, donde en conjunto con los profes del departamento de Artes Musicales y Pl\u00e1sticas pudimos exponer lo trabajado a lo largo de estos \u00faltimos a\u00f1os, expresar nuestros talentos dejando en evidencia la capacidad de deslumbrar con nuestro esfuerzo en variadas formas, sonidos y colores. Muchas gracias a cada uno de los profesores que han hecho posible el expresar nuestras ideas y anhelos a trav\u00e9s del arte.<\/p>\n<p>Y mientras todo esto suced\u00eda a lo largo de los a\u00f1os. En medio de clases, pruebas, trabajos y presentaciones, se iban sumando una infinidad de momentos inolvidables como generaci\u00f3n que han creado este gran sello de unidad y cari\u00f1o entre nosotros. Como cuando a cambio del campamento de la amistad, el a\u00f1o 2022, vivimos nuestra jornada de Generaci\u00f3n que nos dio la oportunidad de conocernos un poco mejor en otras instancias no s\u00f3lo acad\u00e9micas o curriculares. O tambi\u00e9n, cada vez que nos organizamos para mover evaluaciones comunes, o cuando nos apoyamos en el baile de cueca en Segundo Medio y pascuense en Tercero, o decidimos unirnos como generaci\u00f3n y hacer un hermoso y fruct\u00edfero baile de Caporal este \u00faltimo a\u00f1o de colegio, el cual termin\u00f3 de demostrar nuestra capacidad para organizarnos y alcanzar momentos tan memorables. Todos somos conscientes de lo que hemos vivido junto a nuestros compa\u00f1eros tanto de curso como de generaci\u00f3n, estemos orgullosos de donde estamos hoy y lo que hemos logrado en el pasar de estos a\u00f1os, que nos alegre pensar que siempre nos hemos acompa\u00f1ado, cada uno ha compartido un trabajo, una fiesta, una risa, incluso una tristeza con al menos uno de nosotros. Hemos compartido nuestras vidas y nos hemos acompa\u00f1ado en vivirlas, eso es algo que tenemos que atesorar.<\/p>\n<p>Con todo lo dicho, gracias al Colegio, profesores, t\u00edos de aseo, inspectores y todas las personas con las que hemos compartido en este largo, pero hermoso trayecto llamado vida escolar. Por darnos la capacidad de vivir todos estos momentos que hemos recordado en este discurso, que nos han ayudado a ser las personas que somos hoy. Gracias a nuestras familias que nos han acompa\u00f1ado, aconsejado e inculcado valores que junto a los que esta comunidad nos otorga, han logrado que hayan germinado personas que tienen hoy la motivaci\u00f3n de aportar a la sociedad con un granito de arena, sacando sonrisas a extra\u00f1os, alegrando la vida del que m\u00e1s lo necesita y alegrando la nuestra por medio de ser fieles a nosotros mismos. Por eso, no nos olvidemos nunca de quienes somos, siempre tratemos de ser mejores cada d\u00eda, pues as\u00ed, podremos amar y acompa\u00f1ar a los dem\u00e1s.<\/p>\n<p>Este d\u00eda viernes, como se dijo al inicio, nos vamos definitivamente del Colegio San Ignacio, ahora despu\u00e9s de entrar para aprender por tantos a\u00f1os, salimos realmente para servir. Por esto al momento de la despedida, nos gustar\u00eda decirle a nuestra querida comunidad ignaciana que no cese nunca de formar a tantos y tantas con valores como el compa\u00f1erismo, la solidaridad, la empat\u00eda, el esfuerzo, la responsabilidad y el respeto. En fin, formar en ese sello que nos representa y que hace que los ignacianos nos distingamos dentro de la sociedad. La historia de esta Generaci\u00f3n 2024 ha llegado a su fin, un fin que hoy nos abre la mirada m\u00e1s all\u00e1 de estas aulas, canchas y muros, para desarrollar e implementar all\u00e1 fuera todo lo que hemos aprendido en estos a\u00f1os vividos en esta comunidad Ignaciana.<br \/>\nCompa\u00f1eros: sigamos abrazando, amando, queriendo, llorando, sigamos siendo personas que sienten y experimentan con otros. Seamos felices, vivamos una vida dichosa, junto a los que nos entregan esa felicidad.<\/p>\n<p>Y como cantamos en nuestro \u00faltimo Encuentro Con Cristo\u2026<br \/>\nFelices los de gran coraz\u00f3n que comparten la vida regalando un nuevo don<\/p>\n<p>Seamos felices, Generaci\u00f3n 2024; que la vida no se acaba dentro de estas cuatro paredes.<\/p>\n<p>\u00a1Muchas gracias!<\/p>\n","protected":false},"excerpt":{"rendered":"<p>Buenas noches a todos los presentes; junto a mis compa\u00f1eros y en representaci\u00f3n de nuestra querida Generaci\u00f3n 2024, hicimos este discurso para dirigirnos por \u00faltima vez a la Comunidad Ignaciana. Hoy, Viernes 15 de Noviembre del a\u00f1o 2024, es la \u00faltima vez que pisaremos este colegio en la forma que lo hemos hecho desde que&hellip;<\/p>\n","protected":false},"author":1,"featured_media":9417,"comment_status":"closed","ping_status":"closed","sticky":false,"template":"","format":"standard","meta":[],"categories":[4],"tags":[],"_links":{"self":[{"href":"http:\/\/sanignacioconcepcion.cl\/sitio\/wp-json\/wp\/v2\/posts\/9559"}],"collection":[{"href":"http:\/\/sanignacioconcepcion.cl\/sitio\/wp-json\/wp\/v2\/posts"}],"about":[{"href":"http:\/\/sanignacioconcepcion.cl\/sitio\/wp-json\/wp\/v2\/types\/post"}],"author":[{"embeddable":true,"href":"http:\/\/sanignacioconcepcion.cl\/sitio\/wp-json\/wp\/v2\/users\/1"}],"replies":[{"embeddable":true,"href":"http:\/\/sanignacioconcepcion.cl\/sitio\/wp-json\/wp\/v2\/comments?post=9559"}],"version-history":[{"count":2,"href":"http:\/\/sanignacioconcepcion.cl\/sitio\/wp-json\/wp\/v2\/posts\/9559\/revisions"}],"predecessor-version":[{"id":9562,"href":"http:\/\/sanignacioconcepcion.cl\/sitio\/wp-json\/wp\/v2\/posts\/9559\/revisions\/9562"}],"wp:featuredmedia":[{"embeddable":true,"href":"http:\/\/sanignacioconcepcion.cl\/sitio\/wp-json\/wp\/v2\/media\/9417"}],"wp:attachment":[{"href":"http:\/\/sanignacioconcepcion.cl\/sitio\/wp-json\/wp\/v2\/media?parent=9559"}],"wp:term":[{"taxonomy":"category","embeddable":true,"href":"http:\/\/sanignacioconcepcion.cl\/sitio\/wp-json\/wp\/v2\/categories?post=9559"},{"taxonomy":"post_tag","embeddable":true,"href":"http:\/\/sanignacioconcepcion.cl\/sitio\/wp-json\/wp\/v2\/tags?post=9559"}],"curies":[{"name":"wp","href":"https:\/\/api.w.org\/{rel}","templated":true}]}}