{"id":9568,"date":"2025-03-07T08:46:32","date_gmt":"2025-03-07T11:46:32","guid":{"rendered":"http:\/\/sanignacioconcepcion.cl\/sitio\/?p=9568"},"modified":"2025-03-11T07:47:44","modified_gmt":"2025-03-11T10:47:44","slug":"jornada-de-induccion-educadores-nuevos-as-2","status":"publish","type":"post","link":"http:\/\/sanignacioconcepcion.cl\/sitio\/jornada-de-induccion-educadores-nuevos-as-2\/","title":{"rendered":"Jornada de Inducci\u00f3n Educadores Nuevos\/as"},"content":{"rendered":"<p>\u00a1El pasado viernes 28 de febrero dimos la c\u00e1lida bienvenida a los\/las nuevos\/as educadores que se integran al Colegio San Ignacio Concepci\u00f3n en este 2025!<\/p>\n<p>Durante la primera parte de su jornada de inducci\u00f3n, los participantes recorrieron nuestras instalaciones y participaron de algunas din\u00e1micas junto al equipo directivo para conocerse mejor.<\/p>\n<p>En este primer encuentro, se abordaron los principales lineamientos de nuestro colegio, su proyecto educativo y el importante rol del educador, as\u00ed como otros temas administrativos relevantes.<\/p>\n<p>La jornada de inducci\u00f3n continu\u00f3 el lunes 3 de marzo, donde el encargado de convivencia escolar comparti\u00f3 informaci\u00f3n valiosa sobre su \u00e1rea, y el prevencionista de riesgos present\u00f3 temas como los procedimientos del plan integral de seguridad escolar y uso del extintor.<\/p>\n<p>Todo esto culmin\u00f3 con una sesi\u00f3n dedicada a proporcionar informaci\u00f3n acad\u00e9mica fundamental.<\/p>\n<p>\u00a1Damos la bienvenida a los 19 nuevos educadores\/as que se unen a la familia ignaciana! <a href=\"https:\/\/photos.app.goo.gl\/mYqBUrqGe4ss9P59A\">ver fotos<\/a><\/p>\n","protected":false},"excerpt":{"rendered":"<p>\u00a1El pasado viernes 28 de febrero dimos la c\u00e1lida bienvenida a los\/las nuevos\/as educadores que se integran al Colegio San Ignacio Concepci\u00f3n en este 2025! Durante la primera parte de su jornada de inducci\u00f3n, los participantes recorrieron nuestras instalaciones y participaron de algunas din\u00e1micas junto al equipo directivo para conocerse mejor. En este primer encuentro,&hellip;<\/p>\n","protected":false},"author":1,"featured_media":9569,"comment_status":"closed","ping_status":"closed","sticky":false,"template":"","format":"standard","meta":[],"categories":[4],"tags":[],"_links":{"self":[{"href":"http:\/\/sanignacioconcepcion.cl\/sitio\/wp-json\/wp\/v2\/posts\/9568"}],"collection":[{"href":"http:\/\/sanignacioconcepcion.cl\/sitio\/wp-json\/wp\/v2\/posts"}],"about":[{"href":"http:\/\/sanignacioconcepcion.cl\/sitio\/wp-json\/wp\/v2\/types\/post"}],"author":[{"embeddable":true,"href":"http:\/\/sanignacioconcepcion.cl\/sitio\/wp-json\/wp\/v2\/users\/1"}],"replies":[{"embeddable":true,"href":"http:\/\/sanignacioconcepcion.cl\/sitio\/wp-json\/wp\/v2\/comments?post=9568"}],"version-history":[{"count":2,"href":"http:\/\/sanignacioconcepcion.cl\/sitio\/wp-json\/wp\/v2\/posts\/9568\/revisions"}],"predecessor-version":[{"id":9608,"href":"http:\/\/sanignacioconcepcion.cl\/sitio\/wp-json\/wp\/v2\/posts\/9568\/revisions\/9608"}],"wp:featuredmedia":[{"embeddable":true,"href":"http:\/\/sanignacioconcepcion.cl\/sitio\/wp-json\/wp\/v2\/media\/9569"}],"wp:attachment":[{"href":"http:\/\/sanignacioconcepcion.cl\/sitio\/wp-json\/wp\/v2\/media?parent=9568"}],"wp:term":[{"taxonomy":"category","embeddable":true,"href":"http:\/\/sanignacioconcepcion.cl\/sitio\/wp-json\/wp\/v2\/categories?post=9568"},{"taxonomy":"post_tag","embeddable":true,"href":"http:\/\/sanignacioconcepcion.cl\/sitio\/wp-json\/wp\/v2\/tags?post=9568"}],"curies":[{"name":"wp","href":"https:\/\/api.w.org\/{rel}","templated":true}]}}