{"id":9571,"date":"2025-03-05T08:52:30","date_gmt":"2025-03-05T11:52:30","guid":{"rendered":"http:\/\/sanignacioconcepcion.cl\/sitio\/?p=9571"},"modified":"2025-03-10T09:27:00","modified_gmt":"2025-03-10T12:27:00","slug":"misa-de-inicio-del-ano-escolar-educadores-as-sic","status":"publish","type":"post","link":"http:\/\/sanignacioconcepcion.cl\/sitio\/misa-de-inicio-del-ano-escolar-educadores-as-sic\/","title":{"rendered":"Misa de Inicio del A\u00f1o Escolar Educadores\/as SIC"},"content":{"rendered":"<p>El martes dimos la bienvenida al nuevo a\u00f1o escolar con una emotiva misa, junto a nuestros queridos educadores.<\/p>\n<p>La celebraci\u00f3n fue realizada por el capell\u00e1n, el P. Juan Pablo Moyano SJ. Refiri\u00e9ndose al evangelio, el sacerdote enfatiz\u00f3 que, como educadores, tenemos el poder de ense\u00f1ar con nuestras palabras y ejemplos: \u201cPodemos evangelizar siempre, a veces con palabras, pero sobre todo con nuestros gestos\u201d.<\/p>\n<p>En esta misa inaugural del a\u00f1o escolar, tambi\u00e9n comenzamos el camino hacia la Cuaresma y la Semana Santa, por ello, recibimos la pulsera de Cuaresma, un signo que nos invita a reflexionar, a dejar de lado el individualismo, a dejar atr\u00e1s las cargas y dificultades.<\/p>\n<p>En esta misa de inicio de a\u00f1o, contamos con la visita y participaci\u00f3n especial del Padre Agust\u00edn Moreira SJ (asistente del Economato General).<\/p>\n<p>\u00a1Juntos iniciamos este nuevo ciclo con fe y esperanza! <a href=\"https:\/\/photos.app.goo.gl\/GNh1yFV2YcsN6eky9\">ver fotos<\/a><\/p>\n","protected":false},"excerpt":{"rendered":"<p>El martes dimos la bienvenida al nuevo a\u00f1o escolar con una emotiva misa, junto a nuestros queridos educadores. La celebraci\u00f3n fue realizada por el capell\u00e1n, el P. Juan Pablo Moyano SJ. Refiri\u00e9ndose al evangelio, el sacerdote enfatiz\u00f3 que, como educadores, tenemos el poder de ense\u00f1ar con nuestras palabras y ejemplos: \u201cPodemos evangelizar siempre, a veces&hellip;<\/p>\n","protected":false},"author":1,"featured_media":9572,"comment_status":"closed","ping_status":"closed","sticky":false,"template":"","format":"standard","meta":[],"categories":[4],"tags":[],"_links":{"self":[{"href":"http:\/\/sanignacioconcepcion.cl\/sitio\/wp-json\/wp\/v2\/posts\/9571"}],"collection":[{"href":"http:\/\/sanignacioconcepcion.cl\/sitio\/wp-json\/wp\/v2\/posts"}],"about":[{"href":"http:\/\/sanignacioconcepcion.cl\/sitio\/wp-json\/wp\/v2\/types\/post"}],"author":[{"embeddable":true,"href":"http:\/\/sanignacioconcepcion.cl\/sitio\/wp-json\/wp\/v2\/users\/1"}],"replies":[{"embeddable":true,"href":"http:\/\/sanignacioconcepcion.cl\/sitio\/wp-json\/wp\/v2\/comments?post=9571"}],"version-history":[{"count":1,"href":"http:\/\/sanignacioconcepcion.cl\/sitio\/wp-json\/wp\/v2\/posts\/9571\/revisions"}],"predecessor-version":[{"id":9573,"href":"http:\/\/sanignacioconcepcion.cl\/sitio\/wp-json\/wp\/v2\/posts\/9571\/revisions\/9573"}],"wp:featuredmedia":[{"embeddable":true,"href":"http:\/\/sanignacioconcepcion.cl\/sitio\/wp-json\/wp\/v2\/media\/9572"}],"wp:attachment":[{"href":"http:\/\/sanignacioconcepcion.cl\/sitio\/wp-json\/wp\/v2\/media?parent=9571"}],"wp:term":[{"taxonomy":"category","embeddable":true,"href":"http:\/\/sanignacioconcepcion.cl\/sitio\/wp-json\/wp\/v2\/categories?post=9571"},{"taxonomy":"post_tag","embeddable":true,"href":"http:\/\/sanignacioconcepcion.cl\/sitio\/wp-json\/wp\/v2\/tags?post=9571"}],"curies":[{"name":"wp","href":"https:\/\/api.w.org\/{rel}","templated":true}]}}