{"id":9594,"date":"2025-03-07T13:49:52","date_gmt":"2025-03-07T16:49:52","guid":{"rendered":"http:\/\/sanignacioconcepcion.cl\/sitio\/?p=9594"},"modified":"2025-03-10T13:52:55","modified_gmt":"2025-03-10T16:52:55","slug":"inicio-ano-escolar-2025","status":"publish","type":"post","link":"http:\/\/sanignacioconcepcion.cl\/sitio\/inicio-ano-escolar-2025\/","title":{"rendered":"Inicio a\u00f1o escolar 2025"},"content":{"rendered":"<p>El mi\u00e9rcoles 5 de marzo dimos inicio a un nuevo a\u00f1o escolar en el Colegio San Ignacio, recibiendo a nuestros estudiantes con alegr\u00eda y entusiasmo. Desde temprano, los pasillos y salas se llenaron de reencuentros, sonrisas y expectativas por todo lo que nos espera en este ciclo.<\/p>\n<p>Durante los primeros bloques, cada profesor comparti\u00f3 un espacio especial con su curso, brindando una c\u00e1lida acogida a los estudiantes y reforzando el sentido de comunidad que nos caracteriza. Adem\u00e1s, para facilitar la adaptaci\u00f3n, las primeras jornadas fueron de horario reducido, permitiendo una transici\u00f3n m\u00e1s amigable hacia la rutina acad\u00e9mica.<\/p>\n<p>Con mucho \u00e1nimo y compromiso, damos inicio a este nuevo a\u00f1o de aprendizajes, desaf\u00edos y crecimiento. \u00a1Les deseamos un excelente 2025!<\/p>\n<p><iframe loading=\"lazy\" title=\"Inicio a\u00f1o escolar 2025\" src=\"https:\/\/www.youtube.com\/embed\/zPvcPXmUYsk\" width=\"447\" height=\"794\" frameborder=\"0\" allowfullscreen=\"allowfullscreen\"><\/iframe><\/p>\n<p>Te invitamos a revisar algunas im\u00e1genes que nos dej\u00f3 este d\u00eda: <a href=\"https:\/\/photos.app.goo.gl\/pkAtMwqAAFirmQ9y7\">ver fotos<\/a><\/p>\n","protected":false},"excerpt":{"rendered":"<p>El mi\u00e9rcoles 5 de marzo dimos inicio a un nuevo a\u00f1o escolar en el Colegio San Ignacio, recibiendo a nuestros estudiantes con alegr\u00eda y entusiasmo. Desde temprano, los pasillos y salas se llenaron de reencuentros, sonrisas y expectativas por todo lo que nos espera en este ciclo. Durante los primeros bloques, cada profesor comparti\u00f3 un&hellip;<\/p>\n","protected":false},"author":1,"featured_media":9595,"comment_status":"closed","ping_status":"closed","sticky":false,"template":"","format":"standard","meta":[],"categories":[4],"tags":[],"_links":{"self":[{"href":"http:\/\/sanignacioconcepcion.cl\/sitio\/wp-json\/wp\/v2\/posts\/9594"}],"collection":[{"href":"http:\/\/sanignacioconcepcion.cl\/sitio\/wp-json\/wp\/v2\/posts"}],"about":[{"href":"http:\/\/sanignacioconcepcion.cl\/sitio\/wp-json\/wp\/v2\/types\/post"}],"author":[{"embeddable":true,"href":"http:\/\/sanignacioconcepcion.cl\/sitio\/wp-json\/wp\/v2\/users\/1"}],"replies":[{"embeddable":true,"href":"http:\/\/sanignacioconcepcion.cl\/sitio\/wp-json\/wp\/v2\/comments?post=9594"}],"version-history":[{"count":3,"href":"http:\/\/sanignacioconcepcion.cl\/sitio\/wp-json\/wp\/v2\/posts\/9594\/revisions"}],"predecessor-version":[{"id":9598,"href":"http:\/\/sanignacioconcepcion.cl\/sitio\/wp-json\/wp\/v2\/posts\/9594\/revisions\/9598"}],"wp:featuredmedia":[{"embeddable":true,"href":"http:\/\/sanignacioconcepcion.cl\/sitio\/wp-json\/wp\/v2\/media\/9595"}],"wp:attachment":[{"href":"http:\/\/sanignacioconcepcion.cl\/sitio\/wp-json\/wp\/v2\/media?parent=9594"}],"wp:term":[{"taxonomy":"category","embeddable":true,"href":"http:\/\/sanignacioconcepcion.cl\/sitio\/wp-json\/wp\/v2\/categories?post=9594"},{"taxonomy":"post_tag","embeddable":true,"href":"http:\/\/sanignacioconcepcion.cl\/sitio\/wp-json\/wp\/v2\/tags?post=9594"}],"curies":[{"name":"wp","href":"https:\/\/api.w.org\/{rel}","templated":true}]}}