{"id":9599,"date":"2025-03-10T14:42:00","date_gmt":"2025-03-10T17:42:00","guid":{"rendered":"http:\/\/sanignacioconcepcion.cl\/sitio\/?p=9599"},"modified":"2025-03-11T07:43:15","modified_gmt":"2025-03-11T10:43:15","slug":"generacion-2025-dio-inicio-a-su-ultimo-ano-escolar-con-un-especial-desayuno-de-bienvenida","status":"publish","type":"post","link":"http:\/\/sanignacioconcepcion.cl\/sitio\/generacion-2025-dio-inicio-a-su-ultimo-ano-escolar-con-un-especial-desayuno-de-bienvenida\/","title":{"rendered":"Generaci\u00f3n 2025 dio inicio a su \u00faltimo a\u00f1o escolar con un especial desayuno de bienvenida"},"content":{"rendered":"<p>El pasado viernes 7 de marzo, la Generaci\u00f3n 2025 del Colegio San Ignacio fue recibida con un especial desayuno de bienvenida, organizado por el CASI Roma, en el marco del inicio del nuevo a\u00f1o escolar.<\/p>\n<p>Esta actividad tuvo como prop\u00f3sito brindar una c\u00e1lida acogida a los estudiantes de 4\u00ba medio, quienes comienzan su etapa final en el colegio. En un ambiente de compa\u00f1erismo y alegr\u00eda, disfrutaron de un grato momento, acompa\u00f1ado de baile, m\u00fasica y diversas instancias de entretenci\u00f3n.<\/p>\n<p>Con este gesto, se quiso reforzar el sentido de comunidad y la importancia de vivir con entusiasmo este \u00faltimo a\u00f1o escolar, lleno de aprendizajes, desaf\u00edos y recuerdos imborrables.<\/p>\n<p>\u00a1Mucho \u00e9xito a nuestra Generaci\u00f3n 2025 en este importante camino que comienzan a recorrer! <a href=\"https:\/\/photos.app.goo.gl\/9Doab2m1PrFbUGQM8\">ver fotos<\/a><\/p>\n","protected":false},"excerpt":{"rendered":"<p>El pasado viernes 7 de marzo, la Generaci\u00f3n 2025 del Colegio San Ignacio fue recibida con un especial desayuno de bienvenida, organizado por el CASI Roma, en el marco del inicio del nuevo a\u00f1o escolar. Esta actividad tuvo como prop\u00f3sito brindar una c\u00e1lida acogida a los estudiantes de 4\u00ba medio, quienes comienzan su etapa final&hellip;<\/p>\n","protected":false},"author":1,"featured_media":9607,"comment_status":"closed","ping_status":"closed","sticky":false,"template":"","format":"standard","meta":[],"categories":[4],"tags":[],"_links":{"self":[{"href":"http:\/\/sanignacioconcepcion.cl\/sitio\/wp-json\/wp\/v2\/posts\/9599"}],"collection":[{"href":"http:\/\/sanignacioconcepcion.cl\/sitio\/wp-json\/wp\/v2\/posts"}],"about":[{"href":"http:\/\/sanignacioconcepcion.cl\/sitio\/wp-json\/wp\/v2\/types\/post"}],"author":[{"embeddable":true,"href":"http:\/\/sanignacioconcepcion.cl\/sitio\/wp-json\/wp\/v2\/users\/1"}],"replies":[{"embeddable":true,"href":"http:\/\/sanignacioconcepcion.cl\/sitio\/wp-json\/wp\/v2\/comments?post=9599"}],"version-history":[{"count":2,"href":"http:\/\/sanignacioconcepcion.cl\/sitio\/wp-json\/wp\/v2\/posts\/9599\/revisions"}],"predecessor-version":[{"id":9602,"href":"http:\/\/sanignacioconcepcion.cl\/sitio\/wp-json\/wp\/v2\/posts\/9599\/revisions\/9602"}],"wp:featuredmedia":[{"embeddable":true,"href":"http:\/\/sanignacioconcepcion.cl\/sitio\/wp-json\/wp\/v2\/media\/9607"}],"wp:attachment":[{"href":"http:\/\/sanignacioconcepcion.cl\/sitio\/wp-json\/wp\/v2\/media?parent=9599"}],"wp:term":[{"taxonomy":"category","embeddable":true,"href":"http:\/\/sanignacioconcepcion.cl\/sitio\/wp-json\/wp\/v2\/categories?post=9599"},{"taxonomy":"post_tag","embeddable":true,"href":"http:\/\/sanignacioconcepcion.cl\/sitio\/wp-json\/wp\/v2\/tags?post=9599"}],"curies":[{"name":"wp","href":"https:\/\/api.w.org\/{rel}","templated":true}]}}