{"id":9603,"date":"2025-03-10T18:24:45","date_gmt":"2025-03-10T21:24:45","guid":{"rendered":"https:\/\/sanignacioconcepcion.cl\/sitio\/?p=9603"},"modified":"2025-03-10T18:35:46","modified_gmt":"2025-03-10T21:35:46","slug":"iniciamos-el-ano-escolar-con-fe-y-esperanza","status":"publish","type":"post","link":"http:\/\/sanignacioconcepcion.cl\/sitio\/iniciamos-el-ano-escolar-con-fe-y-esperanza\/","title":{"rendered":"\u00a1Iniciamos el a\u00f1o escolar con fe y esperanza!"},"content":{"rendered":"<p>Durante los primeros d\u00edas de clases, nuestros estudiantes participaron en las eucarist\u00edas y liturgias de bienvenida, espacios de encuentro y reflexi\u00f3n para comenzar este nuevo ciclo con \u00e1nimo y compromiso.<\/p>\n<p>Las celebraciones fueron presididas por el P. Juan Pablo Moyano SJ, quien invit\u00f3 a nuestros estudiantes a dar lo mejor de s\u00ed, a vivir con sentido y con una mirada curiosa ante la vida, pregunt\u00e1ndose por los frutos que desean dar en este camino de aprendizaje.<\/p>\n<p>En este tiempo de Cuaresma, tambi\u00e9n recibieron la Pulsera de Cuaresma, un signo que utilizamos para recordar que estos son d\u00edas en los que preparamos nuestro coraz\u00f3n y podemos hacerlo mediante acciones concretas, dejando nuestras cargas y siendo m\u00e1s emp\u00e1ticos. Adem\u00e1s, en la oportunidad, algunos cursos recibieron la bendici\u00f3n de los Santos que los representa, siendo un s\u00edmbolo de identidad que los acompa\u00f1ar\u00e1 durante el a\u00f1o.<\/p>\n<p>\u00a1Que este a\u00f1o est\u00e9 lleno de crecimiento y nuevas oportunidades! <a href=\"https:\/\/photos.app.goo.gl\/KTU7EnjH4PR8cCSL9\">ver fotos<\/a><\/p>\n","protected":false},"excerpt":{"rendered":"<p>Durante los primeros d\u00edas de clases, nuestros estudiantes participaron en las eucarist\u00edas y liturgias de bienvenida, espacios de encuentro y reflexi\u00f3n para comenzar este nuevo ciclo con \u00e1nimo y compromiso. Las celebraciones fueron presididas por el P. Juan Pablo Moyano SJ, quien invit\u00f3 a nuestros estudiantes a dar lo mejor de s\u00ed, a vivir con&hellip;<\/p>\n","protected":false},"author":1,"featured_media":9604,"comment_status":"closed","ping_status":"closed","sticky":false,"template":"","format":"standard","meta":[],"categories":[4],"tags":[],"_links":{"self":[{"href":"http:\/\/sanignacioconcepcion.cl\/sitio\/wp-json\/wp\/v2\/posts\/9603"}],"collection":[{"href":"http:\/\/sanignacioconcepcion.cl\/sitio\/wp-json\/wp\/v2\/posts"}],"about":[{"href":"http:\/\/sanignacioconcepcion.cl\/sitio\/wp-json\/wp\/v2\/types\/post"}],"author":[{"embeddable":true,"href":"http:\/\/sanignacioconcepcion.cl\/sitio\/wp-json\/wp\/v2\/users\/1"}],"replies":[{"embeddable":true,"href":"http:\/\/sanignacioconcepcion.cl\/sitio\/wp-json\/wp\/v2\/comments?post=9603"}],"version-history":[{"count":2,"href":"http:\/\/sanignacioconcepcion.cl\/sitio\/wp-json\/wp\/v2\/posts\/9603\/revisions"}],"predecessor-version":[{"id":9606,"href":"http:\/\/sanignacioconcepcion.cl\/sitio\/wp-json\/wp\/v2\/posts\/9603\/revisions\/9606"}],"wp:featuredmedia":[{"embeddable":true,"href":"http:\/\/sanignacioconcepcion.cl\/sitio\/wp-json\/wp\/v2\/media\/9604"}],"wp:attachment":[{"href":"http:\/\/sanignacioconcepcion.cl\/sitio\/wp-json\/wp\/v2\/media?parent=9603"}],"wp:term":[{"taxonomy":"category","embeddable":true,"href":"http:\/\/sanignacioconcepcion.cl\/sitio\/wp-json\/wp\/v2\/categories?post=9603"},{"taxonomy":"post_tag","embeddable":true,"href":"http:\/\/sanignacioconcepcion.cl\/sitio\/wp-json\/wp\/v2\/tags?post=9603"}],"curies":[{"name":"wp","href":"https:\/\/api.w.org\/{rel}","templated":true}]}}