{"id":9668,"date":"2025-03-17T16:35:04","date_gmt":"2025-03-17T19:35:04","guid":{"rendered":"http:\/\/sanignacioconcepcion.cl\/sitio\/?p=9668"},"modified":"2025-03-17T16:35:04","modified_gmt":"2025-03-17T19:35:04","slug":"encuentro-de-vinculacion-entre-estudiantes-de-prekinder-y-iv-medio-2","status":"publish","type":"post","link":"http:\/\/sanignacioconcepcion.cl\/sitio\/encuentro-de-vinculacion-entre-estudiantes-de-prekinder-y-iv-medio-2\/","title":{"rendered":"Encuentro de Vinculaci\u00f3n entre Estudiantes de Prek\u00ednder y IV\u00b0 Medio"},"content":{"rendered":"<p>Con el prop\u00f3sito de fomentar el v\u00ednculo y acercamiento entre quienes inician su vida escolar en el colegio (Prek\u00ednder) y quienes est\u00e1n pr\u00f3ximos a culminarla (IV\u00b0 medio), hoy los estudiantes de cuartos medios llevaron a cabo una serie de actividades recreativas durante los recreos del ciclo Loyola.<\/p>\n<p>La jornada estuvo marcada por la alegr\u00eda y la participaci\u00f3n, con m\u00fasica, baile y un entretenido cuentacuentos con t\u00edteres que capt\u00f3 la atenci\u00f3n de los m\u00e1s peque\u00f1os.<\/p>\n<p>Esta iniciativa representa la primera de varias instancias dise\u00f1adas para fortalecer los lazos entre ambos niveles, promoviendo un sentido de comunidad y acompa\u00f1amiento.<\/p>\n<p>Organiz\u00f3 y colabor\u00f3: Equipo de Pastoral y Formaci\u00f3n. <a href=\"https:\/\/photos.app.goo.gl\/x8Z1WZWDC4bSaaG76\">ver fotos<\/a><\/p>\n","protected":false},"excerpt":{"rendered":"<p>Con el prop\u00f3sito de fomentar el v\u00ednculo y acercamiento entre quienes inician su vida escolar en el colegio (Prek\u00ednder) y quienes est\u00e1n pr\u00f3ximos a culminarla (IV\u00b0 medio), hoy los estudiantes de cuartos medios llevaron a cabo una serie de actividades recreativas durante los recreos del ciclo Loyola. La jornada estuvo marcada por la alegr\u00eda y&hellip;<\/p>\n","protected":false},"author":1,"featured_media":9669,"comment_status":"closed","ping_status":"closed","sticky":false,"template":"","format":"standard","meta":[],"categories":[4],"tags":[],"_links":{"self":[{"href":"http:\/\/sanignacioconcepcion.cl\/sitio\/wp-json\/wp\/v2\/posts\/9668"}],"collection":[{"href":"http:\/\/sanignacioconcepcion.cl\/sitio\/wp-json\/wp\/v2\/posts"}],"about":[{"href":"http:\/\/sanignacioconcepcion.cl\/sitio\/wp-json\/wp\/v2\/types\/post"}],"author":[{"embeddable":true,"href":"http:\/\/sanignacioconcepcion.cl\/sitio\/wp-json\/wp\/v2\/users\/1"}],"replies":[{"embeddable":true,"href":"http:\/\/sanignacioconcepcion.cl\/sitio\/wp-json\/wp\/v2\/comments?post=9668"}],"version-history":[{"count":1,"href":"http:\/\/sanignacioconcepcion.cl\/sitio\/wp-json\/wp\/v2\/posts\/9668\/revisions"}],"predecessor-version":[{"id":9670,"href":"http:\/\/sanignacioconcepcion.cl\/sitio\/wp-json\/wp\/v2\/posts\/9668\/revisions\/9670"}],"wp:featuredmedia":[{"embeddable":true,"href":"http:\/\/sanignacioconcepcion.cl\/sitio\/wp-json\/wp\/v2\/media\/9669"}],"wp:attachment":[{"href":"http:\/\/sanignacioconcepcion.cl\/sitio\/wp-json\/wp\/v2\/media?parent=9668"}],"wp:term":[{"taxonomy":"category","embeddable":true,"href":"http:\/\/sanignacioconcepcion.cl\/sitio\/wp-json\/wp\/v2\/categories?post=9668"},{"taxonomy":"post_tag","embeddable":true,"href":"http:\/\/sanignacioconcepcion.cl\/sitio\/wp-json\/wp\/v2\/tags?post=9668"}],"curies":[{"name":"wp","href":"https:\/\/api.w.org\/{rel}","templated":true}]}}