{"id":9671,"date":"2025-03-14T16:35:48","date_gmt":"2025-03-14T19:35:48","guid":{"rendered":"http:\/\/sanignacioconcepcion.cl\/sitio\/?p=9671"},"modified":"2025-03-17T16:42:56","modified_gmt":"2025-03-17T19:42:56","slug":"cafe-de-bienvenida-para-apoderados-nuevos","status":"publish","type":"post","link":"http:\/\/sanignacioconcepcion.cl\/sitio\/cafe-de-bienvenida-para-apoderados-nuevos\/","title":{"rendered":"Caf\u00e9 de Bienvenida para apoderados nuevos"},"content":{"rendered":"<p>El pasado martes, el Centro de Padres del colegio organiz\u00f3 un c\u00e1lido caf\u00e9 compartido para recibir a los apoderados nuevos que se suman a nuestra comunidad educativa. Esta actividad tiene como prop\u00f3sito acompa\u00f1ar a las familias desde su ingreso al colegio hasta que sus hijos egresan, tal como lo hicimos recientemente con los cuartos medios en su \u00faltimo d\u00eda como apoderados.<\/p>\n<p>Durante el encuentro, se les dio la bienvenida y se les present\u00f3 la Directiva del CPA. Fue una excelente oportunidad para compartir las actividades e invitarlos a sumarse al Centro de Padres y motivarlos a estar presentes en la vida escolar de sus hijos\/as.<\/p>\n<p>Acompa\u00f1aron este especial momento nuestra directora y capell\u00e1n, quienes reforzaron el esp\u00edritu de cercan\u00eda y compromiso que caracteriza a nuestro colegio.<\/p>\n<p>\u00a1Esperamos seguir construyendo juntos una comunidad unida y participativa! <a href=\"https:\/\/photos.app.goo.gl\/MCAQ8atu8u7CDgWo7\">ver fotos<\/a><\/p>\n","protected":false},"excerpt":{"rendered":"<p>El pasado martes, el Centro de Padres del colegio organiz\u00f3 un c\u00e1lido caf\u00e9 compartido para recibir a los apoderados nuevos que se suman a nuestra comunidad educativa. Esta actividad tiene como prop\u00f3sito acompa\u00f1ar a las familias desde su ingreso al colegio hasta que sus hijos egresan, tal como lo hicimos recientemente con los cuartos medios&hellip;<\/p>\n","protected":false},"author":1,"featured_media":9672,"comment_status":"closed","ping_status":"closed","sticky":false,"template":"","format":"standard","meta":[],"categories":[4],"tags":[],"_links":{"self":[{"href":"http:\/\/sanignacioconcepcion.cl\/sitio\/wp-json\/wp\/v2\/posts\/9671"}],"collection":[{"href":"http:\/\/sanignacioconcepcion.cl\/sitio\/wp-json\/wp\/v2\/posts"}],"about":[{"href":"http:\/\/sanignacioconcepcion.cl\/sitio\/wp-json\/wp\/v2\/types\/post"}],"author":[{"embeddable":true,"href":"http:\/\/sanignacioconcepcion.cl\/sitio\/wp-json\/wp\/v2\/users\/1"}],"replies":[{"embeddable":true,"href":"http:\/\/sanignacioconcepcion.cl\/sitio\/wp-json\/wp\/v2\/comments?post=9671"}],"version-history":[{"count":1,"href":"http:\/\/sanignacioconcepcion.cl\/sitio\/wp-json\/wp\/v2\/posts\/9671\/revisions"}],"predecessor-version":[{"id":9673,"href":"http:\/\/sanignacioconcepcion.cl\/sitio\/wp-json\/wp\/v2\/posts\/9671\/revisions\/9673"}],"wp:featuredmedia":[{"embeddable":true,"href":"http:\/\/sanignacioconcepcion.cl\/sitio\/wp-json\/wp\/v2\/media\/9672"}],"wp:attachment":[{"href":"http:\/\/sanignacioconcepcion.cl\/sitio\/wp-json\/wp\/v2\/media?parent=9671"}],"wp:term":[{"taxonomy":"category","embeddable":true,"href":"http:\/\/sanignacioconcepcion.cl\/sitio\/wp-json\/wp\/v2\/categories?post=9671"},{"taxonomy":"post_tag","embeddable":true,"href":"http:\/\/sanignacioconcepcion.cl\/sitio\/wp-json\/wp\/v2\/tags?post=9671"}],"curies":[{"name":"wp","href":"https:\/\/api.w.org\/{rel}","templated":true}]}}