{"id":9678,"date":"2025-03-14T17:41:02","date_gmt":"2025-03-14T20:41:02","guid":{"rendered":"https:\/\/sanignacioconcepcion.cl\/sitio\/?p=9678"},"modified":"2025-03-17T17:43:35","modified_gmt":"2025-03-17T20:43:35","slug":"pre-kinder-y-kinder-dieron-la-bienvenida-al-ano-escolar","status":"publish","type":"post","link":"http:\/\/sanignacioconcepcion.cl\/sitio\/pre-kinder-y-kinder-dieron-la-bienvenida-al-ano-escolar\/","title":{"rendered":"Pre-K\u00ednder y K\u00ednder dieron la bienvenida al a\u00f1o escolar"},"content":{"rendered":"<p>Nuestros estudiantes de Pre-K\u00ednder y K\u00ednder vivieron una apertura muy especial el pasado mi\u00e9rcoles, dando inicio al a\u00f1o escolar con un significativo encuentro.<\/p>\n<p>La liturgia, guiada por el capell\u00e1n Juan Pablo Moyano SJ, fue un momento de reflexi\u00f3n y bienvenida. Durante la ceremonia, cada curso recibi\u00f3 una velita, s\u00edmbolo que los acompa\u00f1ar\u00e1 en sus momentos de oraci\u00f3n a lo largo del a\u00f1o.<\/p>\n<p>Asimismo, la directora del colegio, Claudia Messina, se hizo presente para compartir unas palabras con los m\u00e1s peque\u00f1os, dese\u00e1ndoles un gran a\u00f1o lleno de aprendizajes en esta etapa inicial. <a href=\"https:\/\/photos.app.goo.gl\/SNEhnCUXNe4ysyEDA\">ver fotos<\/a><\/p>\n","protected":false},"excerpt":{"rendered":"<p>Nuestros estudiantes de Pre-K\u00ednder y K\u00ednder vivieron una apertura muy especial el pasado mi\u00e9rcoles, dando inicio al a\u00f1o escolar con un significativo encuentro. La liturgia, guiada por el capell\u00e1n Juan Pablo Moyano SJ, fue un momento de reflexi\u00f3n y bienvenida. Durante la ceremonia, cada curso recibi\u00f3 una velita, s\u00edmbolo que los acompa\u00f1ar\u00e1 en sus momentos&hellip;<\/p>\n","protected":false},"author":1,"featured_media":9679,"comment_status":"closed","ping_status":"closed","sticky":false,"template":"","format":"standard","meta":[],"categories":[4],"tags":[],"_links":{"self":[{"href":"http:\/\/sanignacioconcepcion.cl\/sitio\/wp-json\/wp\/v2\/posts\/9678"}],"collection":[{"href":"http:\/\/sanignacioconcepcion.cl\/sitio\/wp-json\/wp\/v2\/posts"}],"about":[{"href":"http:\/\/sanignacioconcepcion.cl\/sitio\/wp-json\/wp\/v2\/types\/post"}],"author":[{"embeddable":true,"href":"http:\/\/sanignacioconcepcion.cl\/sitio\/wp-json\/wp\/v2\/users\/1"}],"replies":[{"embeddable":true,"href":"http:\/\/sanignacioconcepcion.cl\/sitio\/wp-json\/wp\/v2\/comments?post=9678"}],"version-history":[{"count":1,"href":"http:\/\/sanignacioconcepcion.cl\/sitio\/wp-json\/wp\/v2\/posts\/9678\/revisions"}],"predecessor-version":[{"id":9680,"href":"http:\/\/sanignacioconcepcion.cl\/sitio\/wp-json\/wp\/v2\/posts\/9678\/revisions\/9680"}],"wp:featuredmedia":[{"embeddable":true,"href":"http:\/\/sanignacioconcepcion.cl\/sitio\/wp-json\/wp\/v2\/media\/9679"}],"wp:attachment":[{"href":"http:\/\/sanignacioconcepcion.cl\/sitio\/wp-json\/wp\/v2\/media?parent=9678"}],"wp:term":[{"taxonomy":"category","embeddable":true,"href":"http:\/\/sanignacioconcepcion.cl\/sitio\/wp-json\/wp\/v2\/categories?post=9678"},{"taxonomy":"post_tag","embeddable":true,"href":"http:\/\/sanignacioconcepcion.cl\/sitio\/wp-json\/wp\/v2\/tags?post=9678"}],"curies":[{"name":"wp","href":"https:\/\/api.w.org\/{rel}","templated":true}]}}