{"id":9690,"date":"2025-03-24T15:50:37","date_gmt":"2025-03-24T18:50:37","guid":{"rendered":"https:\/\/sanignacioconcepcion.cl\/sitio\/?p=9690"},"modified":"2025-03-24T15:50:37","modified_gmt":"2025-03-24T18:50:37","slug":"directiva-del-centro-de-padres-se-reune-con-nueva-administradora-del-colegio","status":"publish","type":"post","link":"http:\/\/sanignacioconcepcion.cl\/sitio\/directiva-del-centro-de-padres-se-reune-con-nueva-administradora-del-colegio\/","title":{"rendered":"Directiva del Centro de Padres se re\u00fane con nueva administradora del colegio"},"content":{"rendered":"<div class=\"flex max-w-full flex-col flex-grow\">\n<div class=\"min-h-8 text-message relative flex w-full flex-col items-end gap-2 whitespace-normal break-words text-start [.text-message+&amp;]:mt-5\" dir=\"auto\" data-message-author-role=\"assistant\" data-message-id=\"69ea4ce6-6a57-4434-8cdb-65e36ab050f4\" data-message-model-slug=\"gpt-4o\">\n<div class=\"flex w-full flex-col gap-1 empty:hidden first:pt-[3px]\">\n<div class=\"markdown prose w-full break-words dark:prose-invert light\">\n<p class=\"\" data-start=\"132\" data-end=\"465\">El pasado viernes, la directiva del Centro General de Padres\/Madres del colegio, sostuvo un encuentro con la nueva administradora del establecimiento. En esta instancia, ambas partes tuvieron la oportunidad de presentarse y dialogar sobre los lineamientos de trabajo para el a\u00f1o 2025, con especial \u00e9nfasis en la gesti\u00f3n administrativa.<\/p>\n<p class=\"\" data-start=\"467\" data-end=\"735\">Como parte de los acuerdos alcanzados, se estableci\u00f3 la realizaci\u00f3n de reuniones mensuales para dar seguimiento a los temas tratados y abordar nuevas propuestas que fortalezcan el trabajo colaborativo entre la administraci\u00f3n del colegio y la comunidad de apoderados.<\/p>\n<p class=\"\" data-start=\"737\" data-end=\"879\">Esta iniciativa busca consolidar un canal de comunicaci\u00f3n fluido y fortalecer la gesti\u00f3n conjunta en beneficio de toda la comunidad educativa.<\/p>\n<\/div>\n<\/div>\n<\/div>\n<\/div>\n","protected":false},"excerpt":{"rendered":"<p>El pasado viernes, la directiva del Centro General de Padres\/Madres del colegio, sostuvo un encuentro con la nueva administradora del establecimiento. En esta instancia, ambas partes tuvieron la oportunidad de presentarse y dialogar sobre los lineamientos de trabajo para el a\u00f1o 2025, con especial \u00e9nfasis en la gesti\u00f3n administrativa. Como parte de los acuerdos alcanzados,&hellip;<\/p>\n","protected":false},"author":1,"featured_media":9691,"comment_status":"closed","ping_status":"closed","sticky":false,"template":"","format":"standard","meta":[],"categories":[4],"tags":[],"_links":{"self":[{"href":"http:\/\/sanignacioconcepcion.cl\/sitio\/wp-json\/wp\/v2\/posts\/9690"}],"collection":[{"href":"http:\/\/sanignacioconcepcion.cl\/sitio\/wp-json\/wp\/v2\/posts"}],"about":[{"href":"http:\/\/sanignacioconcepcion.cl\/sitio\/wp-json\/wp\/v2\/types\/post"}],"author":[{"embeddable":true,"href":"http:\/\/sanignacioconcepcion.cl\/sitio\/wp-json\/wp\/v2\/users\/1"}],"replies":[{"embeddable":true,"href":"http:\/\/sanignacioconcepcion.cl\/sitio\/wp-json\/wp\/v2\/comments?post=9690"}],"version-history":[{"count":1,"href":"http:\/\/sanignacioconcepcion.cl\/sitio\/wp-json\/wp\/v2\/posts\/9690\/revisions"}],"predecessor-version":[{"id":9692,"href":"http:\/\/sanignacioconcepcion.cl\/sitio\/wp-json\/wp\/v2\/posts\/9690\/revisions\/9692"}],"wp:featuredmedia":[{"embeddable":true,"href":"http:\/\/sanignacioconcepcion.cl\/sitio\/wp-json\/wp\/v2\/media\/9691"}],"wp:attachment":[{"href":"http:\/\/sanignacioconcepcion.cl\/sitio\/wp-json\/wp\/v2\/media?parent=9690"}],"wp:term":[{"taxonomy":"category","embeddable":true,"href":"http:\/\/sanignacioconcepcion.cl\/sitio\/wp-json\/wp\/v2\/categories?post=9690"},{"taxonomy":"post_tag","embeddable":true,"href":"http:\/\/sanignacioconcepcion.cl\/sitio\/wp-json\/wp\/v2\/tags?post=9690"}],"curies":[{"name":"wp","href":"https:\/\/api.w.org\/{rel}","templated":true}]}}