{"id":9696,"date":"2025-03-24T16:25:11","date_gmt":"2025-03-24T19:25:11","guid":{"rendered":"https:\/\/sanignacioconcepcion.cl\/sitio\/?p=9696"},"modified":"2025-03-24T16:25:11","modified_gmt":"2025-03-24T19:25:11","slug":"ignacianos-participan-de-la-liga-de-futbol-wenuitun","status":"publish","type":"post","link":"http:\/\/sanignacioconcepcion.cl\/sitio\/ignacianos-participan-de-la-liga-de-futbol-wenuitun\/","title":{"rendered":"Ignacianos participan de la Liga de f\u00fatbol \u00abWen\u00fcitun\u00bb"},"content":{"rendered":"<p class=\"\" data-start=\"54\" data-end=\"325\">Nuestro colegio fue invitado a ser parte de la <strong data-start=\"125\" data-end=\"147\">Liga Wen\u00fcitun 2025 de f\u00fatbol<\/strong>, donde compiten aproximadamente 20 equipos de escuelas y clubes deportivos. Actualmente nuestros ignacianos se encuentran participando en las categor\u00edas <strong data-start=\"253\" data-end=\"290\">Sub 17 y Sub 14<\/strong>, con un total de 40 estudiantes.<\/p>\n<p class=\"\" data-start=\"327\" data-end=\"509\">Este fin de semana, una de las sedes de los encuentros fue <strong data-start=\"382\" data-end=\"393\">Plaza 7<\/strong>, bajo las modalidades de <strong data-start=\"419\" data-end=\"443\">f\u00fatbol 11 y f\u00fatbol 7<\/strong>, logrando <strong data-start=\"454\" data-end=\"472\">tres victorias<\/strong> en estos primeros enfrentamientos.<\/p>\n<p class=\"\" data-start=\"511\" data-end=\"788\">Se trata de una liga competitiva que se extender\u00e1 durante todo el <strong data-start=\"577\" data-end=\"596\">primer semestre<\/strong>, ofreciendo nuevas oportunidades de participaci\u00f3n y permitiendo que m\u00e1s estudiantes representen al colegio en distintas competencias a lo largo del a\u00f1o. <a href=\"https:\/\/photos.app.goo.gl\/9QdCiCcg99jHtvGR8\">ver fotos<\/a><\/p>\n","protected":false},"excerpt":{"rendered":"<p>Nuestro colegio fue invitado a ser parte de la Liga Wen\u00fcitun 2025 de f\u00fatbol, donde compiten aproximadamente 20 equipos de escuelas y clubes deportivos. Actualmente nuestros ignacianos se encuentran participando en las categor\u00edas Sub 17 y Sub 14, con un total de 40 estudiantes. Este fin de semana, una de las sedes de los encuentros&hellip;<\/p>\n","protected":false},"author":1,"featured_media":9697,"comment_status":"closed","ping_status":"closed","sticky":false,"template":"","format":"standard","meta":[],"categories":[4],"tags":[],"_links":{"self":[{"href":"http:\/\/sanignacioconcepcion.cl\/sitio\/wp-json\/wp\/v2\/posts\/9696"}],"collection":[{"href":"http:\/\/sanignacioconcepcion.cl\/sitio\/wp-json\/wp\/v2\/posts"}],"about":[{"href":"http:\/\/sanignacioconcepcion.cl\/sitio\/wp-json\/wp\/v2\/types\/post"}],"author":[{"embeddable":true,"href":"http:\/\/sanignacioconcepcion.cl\/sitio\/wp-json\/wp\/v2\/users\/1"}],"replies":[{"embeddable":true,"href":"http:\/\/sanignacioconcepcion.cl\/sitio\/wp-json\/wp\/v2\/comments?post=9696"}],"version-history":[{"count":1,"href":"http:\/\/sanignacioconcepcion.cl\/sitio\/wp-json\/wp\/v2\/posts\/9696\/revisions"}],"predecessor-version":[{"id":9698,"href":"http:\/\/sanignacioconcepcion.cl\/sitio\/wp-json\/wp\/v2\/posts\/9696\/revisions\/9698"}],"wp:featuredmedia":[{"embeddable":true,"href":"http:\/\/sanignacioconcepcion.cl\/sitio\/wp-json\/wp\/v2\/media\/9697"}],"wp:attachment":[{"href":"http:\/\/sanignacioconcepcion.cl\/sitio\/wp-json\/wp\/v2\/media?parent=9696"}],"wp:term":[{"taxonomy":"category","embeddable":true,"href":"http:\/\/sanignacioconcepcion.cl\/sitio\/wp-json\/wp\/v2\/categories?post=9696"},{"taxonomy":"post_tag","embeddable":true,"href":"http:\/\/sanignacioconcepcion.cl\/sitio\/wp-json\/wp\/v2\/tags?post=9696"}],"curies":[{"name":"wp","href":"https:\/\/api.w.org\/{rel}","templated":true}]}}