{"id":9699,"date":"2025-03-24T16:54:08","date_gmt":"2025-03-24T19:54:08","guid":{"rendered":"https:\/\/sanignacioconcepcion.cl\/sitio\/?p=9699"},"modified":"2025-03-24T16:54:08","modified_gmt":"2025-03-24T19:54:08","slug":"conmemoracion-dia-mundial-del-sindrome-de-down","status":"publish","type":"post","link":"http:\/\/sanignacioconcepcion.cl\/sitio\/conmemoracion-dia-mundial-del-sindrome-de-down\/","title":{"rendered":"Conmemoraci\u00f3n D\u00eda Mundial del S\u00edndrome de Down"},"content":{"rendered":"<p>El 21 de marzo, nuestra comunidad conmemor\u00f3 el D\u00eda Mundial del S\u00edndrome de Down, promoviendo la inclusi\u00f3n y el respeto por la diversidad.<\/p>\n<p>Estudiantes y educadores\/as, participaron usando calcetas de diferentes colores como s\u00edmbolo de apoyo y conciencia sobre la importancia de valorar las diferencias.<\/p>\n<p>Durante el recreo, el Programa de Integraci\u00f3n Escolar (PIE) organiz\u00f3 una intervenci\u00f3n especial en la que toda la comunidad pudo ser parte de esta significativa jornada. <a href=\"https:\/\/photos.app.goo.gl\/zcKWKBCUCzw7zrGW9\">ver fotos<\/a><\/p>\n","protected":false},"excerpt":{"rendered":"<p>El 21 de marzo, nuestra comunidad conmemor\u00f3 el D\u00eda Mundial del S\u00edndrome de Down, promoviendo la inclusi\u00f3n y el respeto por la diversidad. Estudiantes y educadores\/as, participaron usando calcetas de diferentes colores como s\u00edmbolo de apoyo y conciencia sobre la importancia de valorar las diferencias. Durante el recreo, el Programa de Integraci\u00f3n Escolar (PIE) organiz\u00f3&hellip;<\/p>\n","protected":false},"author":1,"featured_media":9700,"comment_status":"closed","ping_status":"closed","sticky":false,"template":"","format":"standard","meta":[],"categories":[4],"tags":[],"_links":{"self":[{"href":"http:\/\/sanignacioconcepcion.cl\/sitio\/wp-json\/wp\/v2\/posts\/9699"}],"collection":[{"href":"http:\/\/sanignacioconcepcion.cl\/sitio\/wp-json\/wp\/v2\/posts"}],"about":[{"href":"http:\/\/sanignacioconcepcion.cl\/sitio\/wp-json\/wp\/v2\/types\/post"}],"author":[{"embeddable":true,"href":"http:\/\/sanignacioconcepcion.cl\/sitio\/wp-json\/wp\/v2\/users\/1"}],"replies":[{"embeddable":true,"href":"http:\/\/sanignacioconcepcion.cl\/sitio\/wp-json\/wp\/v2\/comments?post=9699"}],"version-history":[{"count":1,"href":"http:\/\/sanignacioconcepcion.cl\/sitio\/wp-json\/wp\/v2\/posts\/9699\/revisions"}],"predecessor-version":[{"id":9701,"href":"http:\/\/sanignacioconcepcion.cl\/sitio\/wp-json\/wp\/v2\/posts\/9699\/revisions\/9701"}],"wp:featuredmedia":[{"embeddable":true,"href":"http:\/\/sanignacioconcepcion.cl\/sitio\/wp-json\/wp\/v2\/media\/9700"}],"wp:attachment":[{"href":"http:\/\/sanignacioconcepcion.cl\/sitio\/wp-json\/wp\/v2\/media?parent=9699"}],"wp:term":[{"taxonomy":"category","embeddable":true,"href":"http:\/\/sanignacioconcepcion.cl\/sitio\/wp-json\/wp\/v2\/categories?post=9699"},{"taxonomy":"post_tag","embeddable":true,"href":"http:\/\/sanignacioconcepcion.cl\/sitio\/wp-json\/wp\/v2\/tags?post=9699"}],"curies":[{"name":"wp","href":"https:\/\/api.w.org\/{rel}","templated":true}]}}