{"id":9709,"date":"2025-03-27T09:35:13","date_gmt":"2025-03-27T12:35:13","guid":{"rendered":"https:\/\/sanignacioconcepcion.cl\/sitio\/?p=9709"},"modified":"2025-03-31T09:37:17","modified_gmt":"2025-03-31T12:37:17","slug":"campamento-de-verano-2025-grupo-guias-y-scouts","status":"publish","type":"post","link":"http:\/\/sanignacioconcepcion.cl\/sitio\/campamento-de-verano-2025-grupo-guias-y-scouts\/","title":{"rendered":"Campamento de Verano 2025 &#8211; Grupo Gu\u00edas y Scouts"},"content":{"rendered":"<p class=\"\" data-start=\"109\" data-end=\"307\">El Grupo Gu\u00edas y Scouts \u00abSan Ignacio de Loyola\u00bb de Concepci\u00f3n llev\u00f3 a cabo su <strong data-start=\"187\" data-end=\"216\">Campamento de Verano 2025<\/strong> entre el 3 y el 9 de febrero en el Fundo \u201cTurqu\u00eda\u201d, ubicado en la comuna de San Rosendo.<\/p>\n<p class=\"\" data-start=\"309\" data-end=\"543\">La actividad reuni\u00f3 a <strong data-start=\"331\" data-end=\"351\">96 participantes<\/strong>, entre ellos <strong data-start=\"365\" data-end=\"404\">70 ni\u00f1os, ni\u00f1as y j\u00f3venes del grupo<\/strong>, <strong data-start=\"406\" data-end=\"431\">18 adultos formadores<\/strong>, <strong data-start=\"433\" data-end=\"483\">5 apoderados(as) encargados de la alimentaci\u00f3n<\/strong> y <strong data-start=\"486\" data-end=\"540\">3 personas a cargo de la enfermer\u00eda del campamento<\/strong>.<\/p>\n<p class=\"\" data-start=\"545\" data-end=\"904\">Durante esta experiencia, se aplicaron los conocimientos adquiridos a lo largo del a\u00f1o en vida al aire libre, cuidado del medio ambiente, t\u00e9cnicas scouts, cocina de campamento, trabajo en equipo, liderazgo y compa\u00f1erismo. Todo ello en un entorno seguro, bajo el principio del <strong data-start=\"821\" data-end=\"844\">\u00abaprender haciendo\u00bb<\/strong>, que fomenta el desarrollo integral de cada participante. <a href=\"https:\/\/photos.app.goo.gl\/MBnQ3JeAzZv5L8TC9\">ver fotos<\/a><\/p>\n","protected":false},"excerpt":{"rendered":"<p>El Grupo Gu\u00edas y Scouts \u00abSan Ignacio de Loyola\u00bb de Concepci\u00f3n llev\u00f3 a cabo su Campamento de Verano 2025 entre el 3 y el 9 de febrero en el Fundo \u201cTurqu\u00eda\u201d, ubicado en la comuna de San Rosendo. La actividad reuni\u00f3 a 96 participantes, entre ellos 70 ni\u00f1os, ni\u00f1as y j\u00f3venes del grupo, 18 adultos&hellip;<\/p>\n","protected":false},"author":1,"featured_media":9710,"comment_status":"closed","ping_status":"closed","sticky":false,"template":"","format":"standard","meta":[],"categories":[4],"tags":[],"_links":{"self":[{"href":"http:\/\/sanignacioconcepcion.cl\/sitio\/wp-json\/wp\/v2\/posts\/9709"}],"collection":[{"href":"http:\/\/sanignacioconcepcion.cl\/sitio\/wp-json\/wp\/v2\/posts"}],"about":[{"href":"http:\/\/sanignacioconcepcion.cl\/sitio\/wp-json\/wp\/v2\/types\/post"}],"author":[{"embeddable":true,"href":"http:\/\/sanignacioconcepcion.cl\/sitio\/wp-json\/wp\/v2\/users\/1"}],"replies":[{"embeddable":true,"href":"http:\/\/sanignacioconcepcion.cl\/sitio\/wp-json\/wp\/v2\/comments?post=9709"}],"version-history":[{"count":1,"href":"http:\/\/sanignacioconcepcion.cl\/sitio\/wp-json\/wp\/v2\/posts\/9709\/revisions"}],"predecessor-version":[{"id":9711,"href":"http:\/\/sanignacioconcepcion.cl\/sitio\/wp-json\/wp\/v2\/posts\/9709\/revisions\/9711"}],"wp:featuredmedia":[{"embeddable":true,"href":"http:\/\/sanignacioconcepcion.cl\/sitio\/wp-json\/wp\/v2\/media\/9710"}],"wp:attachment":[{"href":"http:\/\/sanignacioconcepcion.cl\/sitio\/wp-json\/wp\/v2\/media?parent=9709"}],"wp:term":[{"taxonomy":"category","embeddable":true,"href":"http:\/\/sanignacioconcepcion.cl\/sitio\/wp-json\/wp\/v2\/categories?post=9709"},{"taxonomy":"post_tag","embeddable":true,"href":"http:\/\/sanignacioconcepcion.cl\/sitio\/wp-json\/wp\/v2\/tags?post=9709"}],"curies":[{"name":"wp","href":"https:\/\/api.w.org\/{rel}","templated":true}]}}