{"id":9712,"date":"2025-03-28T09:37:58","date_gmt":"2025-03-28T12:37:58","guid":{"rendered":"https:\/\/sanignacioconcepcion.cl\/sitio\/?p=9712"},"modified":"2025-03-31T09:45:22","modified_gmt":"2025-03-31T12:45:22","slug":"cambio-de-mando-casi-roma-un-nuevo-ciclo-democratico","status":"publish","type":"post","link":"http:\/\/sanignacioconcepcion.cl\/sitio\/cambio-de-mando-casi-roma-un-nuevo-ciclo-democratico\/","title":{"rendered":"Cambio de Mando CASI Roma: Un nuevo ciclo democr\u00e1tico"},"content":{"rendered":"<p>El pasado 25 de marzo, la comunidad estudiantil del Colegio vivi\u00f3 la tradicional ceremonia de Cambio de Mando del Centro de Estudiantes (CASI) del Ciclo Roma, un evento que marca el inicio de un nuevo per\u00edodo de liderazgo estudiantil.<\/p>\n<p>La actividad cont\u00f3 con la participaci\u00f3n de directivos, educadores y estudiantes desde 7\u00b0 b\u00e1sico a IV\u00b0 medio, quienes fueron testigos del traspaso de responsabilidades entre los equipos saliente y entrante. En su intervenci\u00f3n, la directora del colegio, Sra. Claudia Messina, valor\u00f3 la importancia de este proceso democr\u00e1tico, destacando la participaci\u00f3n activa de los estudiantes y la relevancia de mantener estas instancias de representaci\u00f3n. Asimismo, invit\u00f3 a toda la comunidad a apoyar al nuevo CASI en el desarrollo de su gesti\u00f3n, recordando que fueron electos por sus propios compa\u00f1eros.<\/p>\n<p>En su discurso de despedida, la presidenta saliente, Julieta Melim\u00e1n, expres\u00f3 su gratitud hacia la comunidad y al equipo que la acompa\u00f1\u00f3 en esta significativa labor, resaltando el compromiso y esfuerzo de todos durante su periodo.<\/p>\n<p>Por su parte, la nueva presidenta del CASI, Sarai G\u00f3mez, agradeci\u00f3 a quienes confiaron en su equipo y comparti\u00f3 lo siguiente en su discurso: \u00abEste triunfo es de todos. Es de quienes alzaron la voz por el cambio, de quienes pusieron esperanza donde antes hab\u00eda indiferencia, de quienes eligieron caminar con ra\u00edces firmes, pero con alas dispuestas a volar alto.\u00bb<\/p>\n<p>Como parte del traspaso de mando, los integrantes del CASI 2024 entregaron al nuevo equipo diversos elementos simb\u00f3licos y administrativos que reflejan la continuidad del trabajo estudiantil. Entre ellos, polerones distintivos del estamento, libros de registro, llaves y otros art\u00edculos, asegurando as\u00ed la preservaci\u00f3n de la historia y la gesti\u00f3n del centro de estudiantes.<\/p>\n<p>Para concluir la ceremonia, se realiz\u00f3 una bendici\u00f3n especial para el equipo entrante, marcando el inicio de este nuevo desaf\u00edo con compromiso y esperanza. <a href=\"https:\/\/photos.app.goo.gl\/HTAtJGvszTfcv1bP8\">ver fotos<\/a><\/p>\n<p>Este a\u00f1o, el equipo CASI Roma es integrado por: Sarai G\u00f3mez, Presidenta, Martina del Pino, Vicepresidenta, Agustina Cepeda, Secretaria, Benjam\u00edn Soto, Tesorero, Miguel Orella, Pastoral, Rafaella Araneda, M. Difusi\u00f3n, Renata Plaza, M. Difusi\u00f3n, Martina Morales, M. Cultura, Amanda Quevedo, M. Cultura, Amelia Campos, M. Medioambiente, Florencia Cruz, M. Deporte, Florencia Araneda, M. Deporte, Mat\u00edas Delgado, M. Deporte, Agustina Fern\u00e1ndez, M. Bienestar, Josefa Carvajal, M. Diversidad, Consuelo Molina, M. C\u00edvica, Antonia G\u00f3mez, M. C\u00edvica. Profesores Asesores: Sra. Marisol \u00c1lvarez y Sr. Joaqu\u00edn Gajardo.<\/p>\n","protected":false},"excerpt":{"rendered":"<p>El pasado 25 de marzo, la comunidad estudiantil del Colegio vivi\u00f3 la tradicional ceremonia de Cambio de Mando del Centro de Estudiantes (CASI) del Ciclo Roma, un evento que marca el inicio de un nuevo per\u00edodo de liderazgo estudiantil. La actividad cont\u00f3 con la participaci\u00f3n de directivos, educadores y estudiantes desde 7\u00b0 b\u00e1sico a IV\u00b0&hellip;<\/p>\n","protected":false},"author":1,"featured_media":9713,"comment_status":"closed","ping_status":"closed","sticky":false,"template":"","format":"standard","meta":[],"categories":[4],"tags":[],"_links":{"self":[{"href":"http:\/\/sanignacioconcepcion.cl\/sitio\/wp-json\/wp\/v2\/posts\/9712"}],"collection":[{"href":"http:\/\/sanignacioconcepcion.cl\/sitio\/wp-json\/wp\/v2\/posts"}],"about":[{"href":"http:\/\/sanignacioconcepcion.cl\/sitio\/wp-json\/wp\/v2\/types\/post"}],"author":[{"embeddable":true,"href":"http:\/\/sanignacioconcepcion.cl\/sitio\/wp-json\/wp\/v2\/users\/1"}],"replies":[{"embeddable":true,"href":"http:\/\/sanignacioconcepcion.cl\/sitio\/wp-json\/wp\/v2\/comments?post=9712"}],"version-history":[{"count":1,"href":"http:\/\/sanignacioconcepcion.cl\/sitio\/wp-json\/wp\/v2\/posts\/9712\/revisions"}],"predecessor-version":[{"id":9714,"href":"http:\/\/sanignacioconcepcion.cl\/sitio\/wp-json\/wp\/v2\/posts\/9712\/revisions\/9714"}],"wp:featuredmedia":[{"embeddable":true,"href":"http:\/\/sanignacioconcepcion.cl\/sitio\/wp-json\/wp\/v2\/media\/9713"}],"wp:attachment":[{"href":"http:\/\/sanignacioconcepcion.cl\/sitio\/wp-json\/wp\/v2\/media?parent=9712"}],"wp:term":[{"taxonomy":"category","embeddable":true,"href":"http:\/\/sanignacioconcepcion.cl\/sitio\/wp-json\/wp\/v2\/categories?post=9712"},{"taxonomy":"post_tag","embeddable":true,"href":"http:\/\/sanignacioconcepcion.cl\/sitio\/wp-json\/wp\/v2\/tags?post=9712"}],"curies":[{"name":"wp","href":"https:\/\/api.w.org\/{rel}","templated":true}]}}