{"id":9716,"date":"2025-03-28T10:18:10","date_gmt":"2025-03-28T13:18:10","guid":{"rendered":"https:\/\/sanignacioconcepcion.cl\/sitio\/?p=9716"},"modified":"2025-03-31T10:19:31","modified_gmt":"2025-03-31T13:19:31","slug":"reunion-de-apoderados-7b","status":"publish","type":"post","link":"http:\/\/sanignacioconcepcion.cl\/sitio\/reunion-de-apoderados-7b\/","title":{"rendered":"Reuni\u00f3n de apoderados &#8211; 7\u00b0B"},"content":{"rendered":"<p>Estimadas familias del 7\u00b0 b\u00e1sico B:<\/p>\n<p>Les recordamos que la reuni\u00f3n de apoderados se realizar\u00e1 el martes 01 de abril, a las 19:00 horas.<\/p>\n<p>Agradecemos su puntualidad y participaci\u00f3n.<\/p>\n<p>Direcci\u00f3n Ciclo Roma<\/p>\n","protected":false},"excerpt":{"rendered":"<p>Estimadas familias del 7\u00b0 b\u00e1sico B: Les recordamos que la reuni\u00f3n de apoderados se realizar\u00e1 el martes 01 de abril, a las 19:00 horas. Agradecemos su puntualidad y participaci\u00f3n. Direcci\u00f3n Ciclo Roma<\/p>\n","protected":false},"author":1,"featured_media":0,"comment_status":"closed","ping_status":"closed","sticky":false,"template":"","format":"standard","meta":[],"categories":[3],"tags":[],"_links":{"self":[{"href":"http:\/\/sanignacioconcepcion.cl\/sitio\/wp-json\/wp\/v2\/posts\/9716"}],"collection":[{"href":"http:\/\/sanignacioconcepcion.cl\/sitio\/wp-json\/wp\/v2\/posts"}],"about":[{"href":"http:\/\/sanignacioconcepcion.cl\/sitio\/wp-json\/wp\/v2\/types\/post"}],"author":[{"embeddable":true,"href":"http:\/\/sanignacioconcepcion.cl\/sitio\/wp-json\/wp\/v2\/users\/1"}],"replies":[{"embeddable":true,"href":"http:\/\/sanignacioconcepcion.cl\/sitio\/wp-json\/wp\/v2\/comments?post=9716"}],"version-history":[{"count":1,"href":"http:\/\/sanignacioconcepcion.cl\/sitio\/wp-json\/wp\/v2\/posts\/9716\/revisions"}],"predecessor-version":[{"id":9717,"href":"http:\/\/sanignacioconcepcion.cl\/sitio\/wp-json\/wp\/v2\/posts\/9716\/revisions\/9717"}],"wp:attachment":[{"href":"http:\/\/sanignacioconcepcion.cl\/sitio\/wp-json\/wp\/v2\/media?parent=9716"}],"wp:term":[{"taxonomy":"category","embeddable":true,"href":"http:\/\/sanignacioconcepcion.cl\/sitio\/wp-json\/wp\/v2\/categories?post=9716"},{"taxonomy":"post_tag","embeddable":true,"href":"http:\/\/sanignacioconcepcion.cl\/sitio\/wp-json\/wp\/v2\/tags?post=9716"}],"curies":[{"name":"wp","href":"https:\/\/api.w.org\/{rel}","templated":true}]}}