{"id":9725,"date":"2025-03-28T12:39:51","date_gmt":"2025-03-28T15:39:51","guid":{"rendered":"https:\/\/sanignacioconcepcion.cl\/sitio\/?p=9725"},"modified":"2025-04-04T08:59:29","modified_gmt":"2025-04-04T11:59:29","slug":"cuenta-publica-2024","status":"publish","type":"post","link":"http:\/\/sanignacioconcepcion.cl\/sitio\/cuenta-publica-2024\/","title":{"rendered":"Cuenta P\u00fablica 2024"},"content":{"rendered":"<p class=\"\" data-start=\"105\" data-end=\"322\">El martes 25 de marzo, a las 18:00 horas, se llev\u00f3 a cabo la <strong data-start=\"166\" data-end=\"189\">Cuenta P\u00fablica 2024<\/strong>, una instancia clave de transparencia y participaci\u00f3n en la que estuvieron presentes apoderados, el Centro de Padres y educadores.<\/p>\n<p class=\"\" data-start=\"324\" data-end=\"634\">Durante la jornada, se present\u00f3 un balance detallado de la gesti\u00f3n realizada durante el a\u00f1o 2024, abordando aspectos como los <strong data-start=\"450\" data-end=\"520\">focos institucionales, el estado financiero, los logros acad\u00e9micos<\/strong> y los avances en el \u00e1mbito de <strong data-start=\"551\" data-end=\"575\">formaci\u00f3n y pastoral<\/strong>, cada uno expuesto por el encargado del \u00e1rea respectiva.<\/p>\n<p class=\"\" data-start=\"636\" data-end=\"891\">Esta actividad permiti\u00f3 compartir con la comunidad educativa el trabajo desarrollado a lo largo del a\u00f1o, destacando los principales hitos y desaf\u00edos. <a href=\"https:\/\/photos.app.goo.gl\/Jguq6gezQoAknRhP6\">ver fotos<\/a><\/p>\n","protected":false},"excerpt":{"rendered":"<p>El martes 25 de marzo, a las 18:00 horas, se llev\u00f3 a cabo la Cuenta P\u00fablica 2024, una instancia clave de transparencia y participaci\u00f3n en la que estuvieron presentes apoderados, el Centro de Padres y educadores. Durante la jornada, se present\u00f3 un balance detallado de la gesti\u00f3n realizada durante el a\u00f1o 2024, abordando aspectos como&hellip;<\/p>\n","protected":false},"author":1,"featured_media":9726,"comment_status":"closed","ping_status":"closed","sticky":false,"template":"","format":"standard","meta":[],"categories":[4],"tags":[],"_links":{"self":[{"href":"http:\/\/sanignacioconcepcion.cl\/sitio\/wp-json\/wp\/v2\/posts\/9725"}],"collection":[{"href":"http:\/\/sanignacioconcepcion.cl\/sitio\/wp-json\/wp\/v2\/posts"}],"about":[{"href":"http:\/\/sanignacioconcepcion.cl\/sitio\/wp-json\/wp\/v2\/types\/post"}],"author":[{"embeddable":true,"href":"http:\/\/sanignacioconcepcion.cl\/sitio\/wp-json\/wp\/v2\/users\/1"}],"replies":[{"embeddable":true,"href":"http:\/\/sanignacioconcepcion.cl\/sitio\/wp-json\/wp\/v2\/comments?post=9725"}],"version-history":[{"count":2,"href":"http:\/\/sanignacioconcepcion.cl\/sitio\/wp-json\/wp\/v2\/posts\/9725\/revisions"}],"predecessor-version":[{"id":9752,"href":"http:\/\/sanignacioconcepcion.cl\/sitio\/wp-json\/wp\/v2\/posts\/9725\/revisions\/9752"}],"wp:featuredmedia":[{"embeddable":true,"href":"http:\/\/sanignacioconcepcion.cl\/sitio\/wp-json\/wp\/v2\/media\/9726"}],"wp:attachment":[{"href":"http:\/\/sanignacioconcepcion.cl\/sitio\/wp-json\/wp\/v2\/media?parent=9725"}],"wp:term":[{"taxonomy":"category","embeddable":true,"href":"http:\/\/sanignacioconcepcion.cl\/sitio\/wp-json\/wp\/v2\/categories?post=9725"},{"taxonomy":"post_tag","embeddable":true,"href":"http:\/\/sanignacioconcepcion.cl\/sitio\/wp-json\/wp\/v2\/tags?post=9725"}],"curies":[{"name":"wp","href":"https:\/\/api.w.org\/{rel}","templated":true}]}}