{"id":9728,"date":"2025-03-31T13:26:37","date_gmt":"2025-03-31T16:26:37","guid":{"rendered":"https:\/\/sanignacioconcepcion.cl\/sitio\/?p=9728"},"modified":"2025-03-31T13:26:37","modified_gmt":"2025-03-31T16:26:37","slug":"cafe-concert-organizado-por-el-cpa","status":"publish","type":"post","link":"http:\/\/sanignacioconcepcion.cl\/sitio\/cafe-concert-organizado-por-el-cpa\/","title":{"rendered":"Caf\u00e9 Concert organizado por el CPA"},"content":{"rendered":"<p class=\"\" data-start=\"152\" data-end=\"455\">El pasado viernes, el Centro de Padres y Madres del Colegio San Ignacio llev\u00f3 a cabo el primer Caf\u00e9 Concert <em data-start=\"260\" data-end=\"280\">\u201cNoche del F\u00fatbol\u201d<\/em>, una actividad que combin\u00f3 m\u00fasica, diversi\u00f3n y comunidad con el prop\u00f3sito de recaudar fondos para la participaci\u00f3n del equipo de f\u00fatbol de apoderados en la Copa O\u2019REI 2025.<\/p>\n<p class=\"\" data-start=\"457\" data-end=\"702\">El evento cont\u00f3 con la presentaci\u00f3n de la banda de estudiantes del SIC, el grupo <em data-start=\"573\" data-end=\"588\">\u00c1ngel a las 4<\/em> y la participaci\u00f3n especial del apoderado Rogger Vera, quienes hicieron vibrar a los asistentes con su talento.<\/p>\n<p class=\"\" data-start=\"704\" data-end=\"1097\">Uno de los momentos m\u00e1s aplaudidos de la noche fue el <em data-start=\"758\" data-end=\"779\">Karaoke<\/em>, donde las familias se animaron a subir al escenario para compartir su entusiasmo y alegr\u00eda. La gran ganadora del concurso fue la <strong data-start=\"915\" data-end=\"944\">Familia Mart\u00ednez Orellana<\/strong>, que se llev\u00f3 los aplausos del p\u00fablico. Se destaca el ambiente de camarader\u00eda que reflej\u00f3 el esp\u00edritu de unidad de la comunidad ignaciana.<\/p>\n<p class=\"\" data-start=\"1099\" data-end=\"1326\">Desde el CPA, se destac\u00f3 la importancia de estas iniciativas y se extendi\u00f3 una invitaci\u00f3n a toda la comunidad a seguir participando en las pr\u00f3ximas actividades, reforzando el compromiso y apoyo entre las familias del colegio.<\/p>\n<p class=\"\" data-start=\"1328\" data-end=\"1395\">\u00a1Agradecimientos a todos quienes hicieron posible esta gran noche!<\/p>\n<p data-start=\"1328\" data-end=\"1395\"><img loading=\"lazy\" class=\"alignleft wp-image-9729 size-large\" src=\"http:\/\/sanignacioconcepcion.cl\/sitio\/wp-content\/uploads\/2025\/03\/cafe-concert-cpa-1024x389.jpg\" alt=\"\" width=\"1024\" height=\"389\" srcset=\"http:\/\/sanignacioconcepcion.cl\/sitio\/wp-content\/uploads\/2025\/03\/cafe-concert-cpa-1024x389.jpg 1024w, http:\/\/sanignacioconcepcion.cl\/sitio\/wp-content\/uploads\/2025\/03\/cafe-concert-cpa-768x292.jpg 768w, http:\/\/sanignacioconcepcion.cl\/sitio\/wp-content\/uploads\/2025\/03\/cafe-concert-cpa-1536x584.jpg 1536w, http:\/\/sanignacioconcepcion.cl\/sitio\/wp-content\/uploads\/2025\/03\/cafe-concert-cpa-2048x779.jpg 2048w, http:\/\/sanignacioconcepcion.cl\/sitio\/wp-content\/uploads\/2025\/03\/cafe-concert-cpa-600x228.jpg 600w\" sizes=\"(max-width: 1024px) 100vw, 1024px\" \/><\/p>\n","protected":false},"excerpt":{"rendered":"<p>El pasado viernes, el Centro de Padres y Madres del Colegio San Ignacio llev\u00f3 a cabo el primer Caf\u00e9 Concert \u201cNoche del F\u00fatbol\u201d, una actividad que combin\u00f3 m\u00fasica, diversi\u00f3n y comunidad con el prop\u00f3sito de recaudar fondos para la participaci\u00f3n del equipo de f\u00fatbol de apoderados en la Copa O\u2019REI 2025. El evento cont\u00f3 con&hellip;<\/p>\n","protected":false},"author":1,"featured_media":9729,"comment_status":"closed","ping_status":"closed","sticky":false,"template":"","format":"standard","meta":[],"categories":[4],"tags":[],"_links":{"self":[{"href":"http:\/\/sanignacioconcepcion.cl\/sitio\/wp-json\/wp\/v2\/posts\/9728"}],"collection":[{"href":"http:\/\/sanignacioconcepcion.cl\/sitio\/wp-json\/wp\/v2\/posts"}],"about":[{"href":"http:\/\/sanignacioconcepcion.cl\/sitio\/wp-json\/wp\/v2\/types\/post"}],"author":[{"embeddable":true,"href":"http:\/\/sanignacioconcepcion.cl\/sitio\/wp-json\/wp\/v2\/users\/1"}],"replies":[{"embeddable":true,"href":"http:\/\/sanignacioconcepcion.cl\/sitio\/wp-json\/wp\/v2\/comments?post=9728"}],"version-history":[{"count":1,"href":"http:\/\/sanignacioconcepcion.cl\/sitio\/wp-json\/wp\/v2\/posts\/9728\/revisions"}],"predecessor-version":[{"id":9730,"href":"http:\/\/sanignacioconcepcion.cl\/sitio\/wp-json\/wp\/v2\/posts\/9728\/revisions\/9730"}],"wp:featuredmedia":[{"embeddable":true,"href":"http:\/\/sanignacioconcepcion.cl\/sitio\/wp-json\/wp\/v2\/media\/9729"}],"wp:attachment":[{"href":"http:\/\/sanignacioconcepcion.cl\/sitio\/wp-json\/wp\/v2\/media?parent=9728"}],"wp:term":[{"taxonomy":"category","embeddable":true,"href":"http:\/\/sanignacioconcepcion.cl\/sitio\/wp-json\/wp\/v2\/categories?post=9728"},{"taxonomy":"post_tag","embeddable":true,"href":"http:\/\/sanignacioconcepcion.cl\/sitio\/wp-json\/wp\/v2\/tags?post=9728"}],"curies":[{"name":"wp","href":"https:\/\/api.w.org\/{rel}","templated":true}]}}