{"id":9731,"date":"2025-03-31T15:50:41","date_gmt":"2025-03-31T18:50:41","guid":{"rendered":"https:\/\/sanignacioconcepcion.cl\/sitio\/?p=9731"},"modified":"2025-03-31T15:59:44","modified_gmt":"2025-03-31T18:59:44","slug":"campana-de-vacunacion-escolar-invierno-2025","status":"publish","type":"post","link":"http:\/\/sanignacioconcepcion.cl\/sitio\/campana-de-vacunacion-escolar-invierno-2025\/","title":{"rendered":"Campa\u00f1a de Vacunaci\u00f3n Escolar &#8211; Invierno 2025"},"content":{"rendered":"<p>El Colegio San Ignacio, en conjunto con las autoridades de salud, ha programado la Campa\u00f1a de Vacunaci\u00f3n Escolar contra la influenza para estudiantes de Pre-K\u00ednder a Quinto B\u00e1sico. Esta medida busca proteger a la comunidad educativa de enfermedades respiratorias durante la temporada invernal.<\/p>\n<p><strong>Fechas y horarios:<\/strong><\/p>\n<ul>\n<li><strong>Lunes 7 de abril de 2025:<\/strong> 09:00 a 13:00 hrs (Jornada AM) &#8211; Estudiantes de Pre-K\u00ednder, K\u00ednder y Primero B\u00e1sico.<\/li>\n<li><strong>Martes 8 de abril de 2025<\/strong>: 09:00 a 13:00 hrs (Jornada AM) &#8211; Estudiantes de Segundo a Quinto B\u00e1sico.<\/li>\n<\/ul>\n<p><strong>Consideraciones:<\/strong><\/p>\n<p>Se vacunar\u00e1 a todos los ni\u00f1os con ANFLUVAC, en los niveles se\u00f1alados anteriormente.<br \/>\nLa vacuna tambi\u00e9n est\u00e1 dirigida a educadores\/as que trabajen con estudiantes hasta 5to b\u00e1sico.<\/p>\n<p><strong>Importante:<\/strong><\/p>\n<p>De acuerdo con el decreto vigente, la vacuna es obligatoria para la poblaci\u00f3n objetivo. En caso de que un apoderado no desee vacunar a su hijo\/a, debe firmar una carta de rechazo. En ausencia de esta confirmaci\u00f3n, el estudiante ser\u00e1 vacunado conforme a lo establecido por la normativa de salud. <a href=\"http:\/\/sanignacioconcepcion.cl\/sitio\/wp-content\/uploads\/2025\/03\/carta-rechazo-vacunacio\u0301n-lactantes-y-nin\u0303os.docx-2.pdf\"><span style=\"color: #ff0000;\"><strong>Descargar carta de rechazo aqu\u00ed.\u00a0<\/strong><\/span><\/a><\/p>\n<p><strong>Medidas de prevenci\u00f3n:<\/strong><br \/>\nLa medida m\u00e1s eficaz para la prevenci\u00f3n de la influenza es la vacunaci\u00f3n. La finalidad principal de la vacunaci\u00f3n contra la influenza estacional es evitar los casos graves de gripe y sus complicaciones. La Organizaci\u00f3n Mundial de la Salud (OMS) realiza cada a\u00f1o la recomendaci\u00f3n de las cepas virales que deben ser incluidas en las vacunas contra la influenza para las temporadas de influenza del hemisferio norte y sur. Los posibles efectos despu\u00e9s de la vacuna corresponden a: dolor de cabeza, sudoraci\u00f3n, fiebre, malestar general, escalofr\u00edos, fatiga y reacciones locales: enrojecimiento, dolor, en la zona de punci\u00f3n.<\/p>\n<p><strong>\u00bfQui\u00e9nes no deber\u00edan vacunarse?:<\/strong><br \/>\nAquellos menores que presenten alergia severa a los componentes de la vacuna, entre los cuales se encuentran: trazas de huevo (ovoalb\u00famina) y gentamicina. La inmunizaci\u00f3n deber\u00e1 ser postergada en ni\u00f1os con fiebre o infecci\u00f3n aguda.<\/p>\n<p><strong>En ausencia de notificaci\u00f3n u otra indicaci\u00f3n por escrito, se asumir\u00e1 que no existen contraindicaciones ni otros impedimentos para administrar la vacuna, por lo cual se proceder\u00e1 a vacunar a los alumnos.<\/strong><\/p>\n<p>Atentamente,<\/p>\n<p>Enfermer\u00eda SIC<\/p>\n","protected":false},"excerpt":{"rendered":"<p>El Colegio San Ignacio, en conjunto con las autoridades de salud, ha programado la Campa\u00f1a de Vacunaci\u00f3n Escolar contra la influenza para estudiantes de Pre-K\u00ednder a Quinto B\u00e1sico. Esta medida busca proteger a la comunidad educativa de enfermedades respiratorias durante la temporada invernal. Fechas y horarios: Lunes 7 de abril de 2025: 09:00 a 13:00&hellip;<\/p>\n","protected":false},"author":1,"featured_media":0,"comment_status":"closed","ping_status":"closed","sticky":false,"template":"","format":"standard","meta":[],"categories":[3],"tags":[],"_links":{"self":[{"href":"http:\/\/sanignacioconcepcion.cl\/sitio\/wp-json\/wp\/v2\/posts\/9731"}],"collection":[{"href":"http:\/\/sanignacioconcepcion.cl\/sitio\/wp-json\/wp\/v2\/posts"}],"about":[{"href":"http:\/\/sanignacioconcepcion.cl\/sitio\/wp-json\/wp\/v2\/types\/post"}],"author":[{"embeddable":true,"href":"http:\/\/sanignacioconcepcion.cl\/sitio\/wp-json\/wp\/v2\/users\/1"}],"replies":[{"embeddable":true,"href":"http:\/\/sanignacioconcepcion.cl\/sitio\/wp-json\/wp\/v2\/comments?post=9731"}],"version-history":[{"count":2,"href":"http:\/\/sanignacioconcepcion.cl\/sitio\/wp-json\/wp\/v2\/posts\/9731\/revisions"}],"predecessor-version":[{"id":9734,"href":"http:\/\/sanignacioconcepcion.cl\/sitio\/wp-json\/wp\/v2\/posts\/9731\/revisions\/9734"}],"wp:attachment":[{"href":"http:\/\/sanignacioconcepcion.cl\/sitio\/wp-json\/wp\/v2\/media?parent=9731"}],"wp:term":[{"taxonomy":"category","embeddable":true,"href":"http:\/\/sanignacioconcepcion.cl\/sitio\/wp-json\/wp\/v2\/categories?post=9731"},{"taxonomy":"post_tag","embeddable":true,"href":"http:\/\/sanignacioconcepcion.cl\/sitio\/wp-json\/wp\/v2\/tags?post=9731"}],"curies":[{"name":"wp","href":"https:\/\/api.w.org\/{rel}","templated":true}]}}