{"id":9745,"date":"2025-04-03T14:09:08","date_gmt":"2025-04-03T17:09:08","guid":{"rendered":"https:\/\/sanignacioconcepcion.cl\/sitio\/?p=9745"},"modified":"2025-04-03T14:09:08","modified_gmt":"2025-04-03T17:09:08","slug":"estudiantes-participaron-en-la-eucaristia-de-inicio-de-ano-escolar-de-los-colegios-de-iglesia","status":"publish","type":"post","link":"http:\/\/sanignacioconcepcion.cl\/sitio\/estudiantes-participaron-en-la-eucaristia-de-inicio-de-ano-escolar-de-los-colegios-de-iglesia\/","title":{"rendered":"Estudiantes participaron en la Eucarist\u00eda de inicio de a\u00f1o escolar de los colegios de Iglesia"},"content":{"rendered":"<p class=\"\" data-start=\"38\" data-end=\"233\">Como es tradici\u00f3n, los colegios de la Arquidi\u00f3cesis de Concepci\u00f3n participaron en la Eucarist\u00eda de inicio del a\u00f1o escolar, convocada por la Vicar\u00eda para la Educaci\u00f3n, el pasado martes 1 de abril.<\/p>\n<p class=\"\" data-start=\"235\" data-end=\"684\">Esta jornada, enmarcada en el Jubileo 2025, comenz\u00f3 con una peregrinaci\u00f3n simb\u00f3lica de las delegaciones, que partieron desde la Cascada del Parque Ecuador y concluyeron en la Catedral de Concepci\u00f3n. All\u00ed se celebr\u00f3 la Eucarist\u00eda, presidida por el Arzobispo de Concepci\u00f3n, Mons. Sergio P\u00e9rez de Arce SS.CC., en la que participaron representantes de\u00a0 5.\u00ba y 6.\u00ba b\u00e1sico, integrantes del casi Roma y los abanderados de nuestra instituci\u00f3n.<\/p>\n<p class=\"\" data-start=\"686\" data-end=\"924\">Durante la homil\u00eda, Mons. P\u00e9rez de Arce reflexion\u00f3 sobre la violencia que afecta especialmente a los j\u00f3venes y hizo un llamado a que los colegios y las familias sean espacios seguros, donde se valore la vida y se fomente el respeto mutuo. <span style=\"color: #800000;\"><a style=\"color: #800000;\" href=\"https:\/\/photos.app.goo.gl\/wzenvWHZGo8viYx28\">Ver fotos<\/a><\/span><\/p>\n<p data-start=\"686\" data-end=\"924\">\n","protected":false},"excerpt":{"rendered":"<p>Como es tradici\u00f3n, los colegios de la Arquidi\u00f3cesis de Concepci\u00f3n participaron en la Eucarist\u00eda de inicio del a\u00f1o escolar, convocada por la Vicar\u00eda para la Educaci\u00f3n, el pasado martes 1 de abril. Esta jornada, enmarcada en el Jubileo 2025, comenz\u00f3 con una peregrinaci\u00f3n simb\u00f3lica de las delegaciones, que partieron desde la Cascada del Parque Ecuador&hellip;<\/p>\n","protected":false},"author":1,"featured_media":9746,"comment_status":"closed","ping_status":"closed","sticky":false,"template":"","format":"standard","meta":[],"categories":[4],"tags":[],"_links":{"self":[{"href":"http:\/\/sanignacioconcepcion.cl\/sitio\/wp-json\/wp\/v2\/posts\/9745"}],"collection":[{"href":"http:\/\/sanignacioconcepcion.cl\/sitio\/wp-json\/wp\/v2\/posts"}],"about":[{"href":"http:\/\/sanignacioconcepcion.cl\/sitio\/wp-json\/wp\/v2\/types\/post"}],"author":[{"embeddable":true,"href":"http:\/\/sanignacioconcepcion.cl\/sitio\/wp-json\/wp\/v2\/users\/1"}],"replies":[{"embeddable":true,"href":"http:\/\/sanignacioconcepcion.cl\/sitio\/wp-json\/wp\/v2\/comments?post=9745"}],"version-history":[{"count":1,"href":"http:\/\/sanignacioconcepcion.cl\/sitio\/wp-json\/wp\/v2\/posts\/9745\/revisions"}],"predecessor-version":[{"id":9747,"href":"http:\/\/sanignacioconcepcion.cl\/sitio\/wp-json\/wp\/v2\/posts\/9745\/revisions\/9747"}],"wp:featuredmedia":[{"embeddable":true,"href":"http:\/\/sanignacioconcepcion.cl\/sitio\/wp-json\/wp\/v2\/media\/9746"}],"wp:attachment":[{"href":"http:\/\/sanignacioconcepcion.cl\/sitio\/wp-json\/wp\/v2\/media?parent=9745"}],"wp:term":[{"taxonomy":"category","embeddable":true,"href":"http:\/\/sanignacioconcepcion.cl\/sitio\/wp-json\/wp\/v2\/categories?post=9745"},{"taxonomy":"post_tag","embeddable":true,"href":"http:\/\/sanignacioconcepcion.cl\/sitio\/wp-json\/wp\/v2\/tags?post=9745"}],"curies":[{"name":"wp","href":"https:\/\/api.w.org\/{rel}","templated":true}]}}