{"id":9768,"date":"2025-04-04T14:47:35","date_gmt":"2025-04-04T17:47:35","guid":{"rendered":"https:\/\/sanignacioconcepcion.cl\/sitio\/?p=9768"},"modified":"2025-04-04T14:47:35","modified_gmt":"2025-04-04T17:47:35","slug":"p-oscar-avila-sj-llego-a-reforzar-la-pastoral-familiar-de-nuestra-comunidad-educativa","status":"publish","type":"post","link":"http:\/\/sanignacioconcepcion.cl\/sitio\/p-oscar-avila-sj-llego-a-reforzar-la-pastoral-familiar-de-nuestra-comunidad-educativa\/","title":{"rendered":"P. \u00d3scar \u00c1vila SJ lleg\u00f3 a reforzar la Pastoral Familiar de nuestra comunidad educativa"},"content":{"rendered":"<p><span style=\"font-weight: 400;\">Luego de cuatro a\u00f1os fuera del pa\u00eds, el P. \u00d3scar \u00c1vila lleg\u00f3 a nuestra ciudad para apoyar el trabajo que realiza la Pastoral Familiar en el \u00e1rea de espiritualidad y formaci\u00f3n.<\/span><\/p>\n<p><span style=\"font-weight: 400;\">El sacerdote y profesor de profesi\u00f3n se\u00f1al\u00f3 que \u201cuno es educador desde siempre, lo lleva adentro y es algo que siempre est\u00e1 activo\u201d. Desde ese punto, coment\u00f3 que su misi\u00f3n es apoyar el \u00e1rea formativa, as\u00ed como acompa\u00f1ar a los profesores.<\/span><\/p>\n<p><span style=\"font-weight: 400;\">Adem\u00e1s, espera ser un aporte para las familias de la comunidad educativa en el aspecto formativo religioso. \u201cHoy, debido a la situaci\u00f3n que vive la Iglesia, existe cierta desafecci\u00f3n. El objetivo es ayudar a que la gente vea que hay una posibilidad de encontrarse con la fe\u201d, agreg\u00f3.<\/span><\/p>\n<p><span style=\"font-weight: 400;\">Por su parte, la Coordinadora de la Pastoral Familiar y Social, Gabriela Benavides, asegur\u00f3 que, sin duda, ser\u00e1 de gran ayuda, ya que el objetivo es que el P. \u00d3scar acompa\u00f1e y respalde a las familias, tanto en el aspecto espiritual como en el formativo.<\/span><\/p>\n<p>&nbsp;<\/p>\n","protected":false},"excerpt":{"rendered":"<p>Luego de cuatro a\u00f1os fuera del pa\u00eds, el P. \u00d3scar \u00c1vila lleg\u00f3 a nuestra ciudad para apoyar el trabajo que realiza la Pastoral Familiar en el \u00e1rea de espiritualidad y formaci\u00f3n. El sacerdote y profesor de profesi\u00f3n se\u00f1al\u00f3 que \u201cuno es educador desde siempre, lo lleva adentro y es algo que siempre est\u00e1 activo\u201d. Desde&hellip;<\/p>\n","protected":false},"author":1,"featured_media":9769,"comment_status":"closed","ping_status":"closed","sticky":false,"template":"","format":"standard","meta":[],"categories":[4],"tags":[],"_links":{"self":[{"href":"http:\/\/sanignacioconcepcion.cl\/sitio\/wp-json\/wp\/v2\/posts\/9768"}],"collection":[{"href":"http:\/\/sanignacioconcepcion.cl\/sitio\/wp-json\/wp\/v2\/posts"}],"about":[{"href":"http:\/\/sanignacioconcepcion.cl\/sitio\/wp-json\/wp\/v2\/types\/post"}],"author":[{"embeddable":true,"href":"http:\/\/sanignacioconcepcion.cl\/sitio\/wp-json\/wp\/v2\/users\/1"}],"replies":[{"embeddable":true,"href":"http:\/\/sanignacioconcepcion.cl\/sitio\/wp-json\/wp\/v2\/comments?post=9768"}],"version-history":[{"count":1,"href":"http:\/\/sanignacioconcepcion.cl\/sitio\/wp-json\/wp\/v2\/posts\/9768\/revisions"}],"predecessor-version":[{"id":9770,"href":"http:\/\/sanignacioconcepcion.cl\/sitio\/wp-json\/wp\/v2\/posts\/9768\/revisions\/9770"}],"wp:featuredmedia":[{"embeddable":true,"href":"http:\/\/sanignacioconcepcion.cl\/sitio\/wp-json\/wp\/v2\/media\/9769"}],"wp:attachment":[{"href":"http:\/\/sanignacioconcepcion.cl\/sitio\/wp-json\/wp\/v2\/media?parent=9768"}],"wp:term":[{"taxonomy":"category","embeddable":true,"href":"http:\/\/sanignacioconcepcion.cl\/sitio\/wp-json\/wp\/v2\/categories?post=9768"},{"taxonomy":"post_tag","embeddable":true,"href":"http:\/\/sanignacioconcepcion.cl\/sitio\/wp-json\/wp\/v2\/tags?post=9768"}],"curies":[{"name":"wp","href":"https:\/\/api.w.org\/{rel}","templated":true}]}}