{"id":9771,"date":"2025-04-03T09:41:49","date_gmt":"2025-04-03T12:41:49","guid":{"rendered":"https:\/\/sanignacioconcepcion.cl\/sitio\/?p=9771"},"modified":"2025-04-07T09:53:53","modified_gmt":"2025-04-07T12:53:53","slug":"dia-de-la-concientizacion-sobre-el-autismo","status":"publish","type":"post","link":"http:\/\/sanignacioconcepcion.cl\/sitio\/dia-de-la-concientizacion-sobre-el-autismo\/","title":{"rendered":"D\u00eda de la Concientizaci\u00f3n sobre el Autismo"},"content":{"rendered":"<p>El mi\u00e9rcoles 2 de abril, en el marco del D\u00eda de la Concientizaci\u00f3n sobre el Autismo, se llev\u00f3 a cabo una intervenci\u00f3n especial, destacando una exposici\u00f3n de pictogramas durante el recreo.<\/p>\n<p>La comunidad se reuni\u00f3 en el Patio de la Cruz para conocer estos pictogramas informativos, los cuales representan diversos espacios, indicaciones y mensajes de utilidad. Esta iniciativa tuvo como objetivo sensibilizar y promover la inclusi\u00f3n de las personas dentro del espectro autista, facilitando la comunicaci\u00f3n y comprensi\u00f3n a trav\u00e9s de estos recursos visuales.<\/p>\n<p>La actividad fue organizada por el Programa de Integraci\u00f3n Escolar, con el prop\u00f3sito de informar sobre el Trastorno del Espectro Autista (TEA) y resaltar la importancia de los pictogramas como herramienta de apoyo en la vida cotidiana.<\/p>\n<p>Posteriormente, este material fue distribuido en distintos espacios del colegio, reforzando el compromiso con la inclusi\u00f3n y la accesibilidad. <a href=\"https:\/\/photos.app.goo.gl\/foPTjFb2K6PhfNgo7\">ver fotos<\/a><\/p>\n","protected":false},"excerpt":{"rendered":"<p>El mi\u00e9rcoles 2 de abril, en el marco del D\u00eda de la Concientizaci\u00f3n sobre el Autismo, se llev\u00f3 a cabo una intervenci\u00f3n especial, destacando una exposici\u00f3n de pictogramas durante el recreo. La comunidad se reuni\u00f3 en el Patio de la Cruz para conocer estos pictogramas informativos, los cuales representan diversos espacios, indicaciones y mensajes de&hellip;<\/p>\n","protected":false},"author":1,"featured_media":9772,"comment_status":"closed","ping_status":"closed","sticky":false,"template":"","format":"standard","meta":[],"categories":[4],"tags":[],"_links":{"self":[{"href":"http:\/\/sanignacioconcepcion.cl\/sitio\/wp-json\/wp\/v2\/posts\/9771"}],"collection":[{"href":"http:\/\/sanignacioconcepcion.cl\/sitio\/wp-json\/wp\/v2\/posts"}],"about":[{"href":"http:\/\/sanignacioconcepcion.cl\/sitio\/wp-json\/wp\/v2\/types\/post"}],"author":[{"embeddable":true,"href":"http:\/\/sanignacioconcepcion.cl\/sitio\/wp-json\/wp\/v2\/users\/1"}],"replies":[{"embeddable":true,"href":"http:\/\/sanignacioconcepcion.cl\/sitio\/wp-json\/wp\/v2\/comments?post=9771"}],"version-history":[{"count":1,"href":"http:\/\/sanignacioconcepcion.cl\/sitio\/wp-json\/wp\/v2\/posts\/9771\/revisions"}],"predecessor-version":[{"id":9773,"href":"http:\/\/sanignacioconcepcion.cl\/sitio\/wp-json\/wp\/v2\/posts\/9771\/revisions\/9773"}],"wp:featuredmedia":[{"embeddable":true,"href":"http:\/\/sanignacioconcepcion.cl\/sitio\/wp-json\/wp\/v2\/media\/9772"}],"wp:attachment":[{"href":"http:\/\/sanignacioconcepcion.cl\/sitio\/wp-json\/wp\/v2\/media?parent=9771"}],"wp:term":[{"taxonomy":"category","embeddable":true,"href":"http:\/\/sanignacioconcepcion.cl\/sitio\/wp-json\/wp\/v2\/categories?post=9771"},{"taxonomy":"post_tag","embeddable":true,"href":"http:\/\/sanignacioconcepcion.cl\/sitio\/wp-json\/wp\/v2\/tags?post=9771"}],"curies":[{"name":"wp","href":"https:\/\/api.w.org\/{rel}","templated":true}]}}