{"id":9774,"date":"2025-04-07T12:44:21","date_gmt":"2025-04-07T15:44:21","guid":{"rendered":"https:\/\/sanignacioconcepcion.cl\/sitio\/?p=9774"},"modified":"2025-04-07T12:44:21","modified_gmt":"2025-04-07T15:44:21","slug":"con-exito-finalizo-la-jornada-del-programa-lectura-y-escritura","status":"publish","type":"post","link":"http:\/\/sanignacioconcepcion.cl\/sitio\/con-exito-finalizo-la-jornada-del-programa-lectura-y-escritura\/","title":{"rendered":"Con \u00e9xito finaliz\u00f3 la Jornada del Programa Lectura y Escritura"},"content":{"rendered":"<p><span style=\"font-weight: 400;\">La semana pasada, Coordinadoras Acad\u00e9micas y Educadoras de P\u00e1rvulo, representantes de los colegios San Luis, San Ignacio Alonso Ovalle, San Ignacio El Bosque, San Ignacio de Concepci\u00f3n, San Mateo y San Francisco Javier, participaron en la jornada de planificaci\u00f3n del Programa de Lectura y Escritura (PLE) en Concepci\u00f3n.<\/span><\/p>\n<p><span style=\"font-weight: 400;\">Con esta instancia, se dio por finalizado el periodo de planificaci\u00f3n iniciado en 2022, dando paso a la implementaci\u00f3n del PLE desde PreK\u00ednder hasta 2\u00b0 b\u00e1sico.<\/span><\/p>\n<p><span style=\"font-weight: 400;\">Este programa responde a un proceso de reflexi\u00f3n y an\u00e1lisis sobre la ense\u00f1anza de la lectura y la escritura, as\u00ed como al impacto que la pandemia tuvo en el aprendizaje. As\u00ed, se comenz\u00f3 a desarrollar un programa com\u00fan, cuyo objetivo es que los y las estudiantes sean capaces de leer con fluidez, comprender lo que leen y producir una variedad de textos seg\u00fan sus prop\u00f3sitos comunicativos.<\/span><\/p>\n<p><span style=\"font-weight: 400;\">En mayo, comenzar\u00e1 el plan de acompa\u00f1amiento y seguimiento, a cargo de la oficina central y las respectivas coordinaciones acad\u00e9micas.<\/span><\/p>\n","protected":false},"excerpt":{"rendered":"<p>La semana pasada, Coordinadoras Acad\u00e9micas y Educadoras de P\u00e1rvulo, representantes de los colegios San Luis, San Ignacio Alonso Ovalle, San Ignacio El Bosque, San Ignacio de Concepci\u00f3n, San Mateo y San Francisco Javier, participaron en la jornada de planificaci\u00f3n del Programa de Lectura y Escritura (PLE) en Concepci\u00f3n. Con esta instancia, se dio por finalizado&hellip;<\/p>\n","protected":false},"author":1,"featured_media":9775,"comment_status":"closed","ping_status":"closed","sticky":false,"template":"","format":"standard","meta":[],"categories":[4],"tags":[],"_links":{"self":[{"href":"http:\/\/sanignacioconcepcion.cl\/sitio\/wp-json\/wp\/v2\/posts\/9774"}],"collection":[{"href":"http:\/\/sanignacioconcepcion.cl\/sitio\/wp-json\/wp\/v2\/posts"}],"about":[{"href":"http:\/\/sanignacioconcepcion.cl\/sitio\/wp-json\/wp\/v2\/types\/post"}],"author":[{"embeddable":true,"href":"http:\/\/sanignacioconcepcion.cl\/sitio\/wp-json\/wp\/v2\/users\/1"}],"replies":[{"embeddable":true,"href":"http:\/\/sanignacioconcepcion.cl\/sitio\/wp-json\/wp\/v2\/comments?post=9774"}],"version-history":[{"count":1,"href":"http:\/\/sanignacioconcepcion.cl\/sitio\/wp-json\/wp\/v2\/posts\/9774\/revisions"}],"predecessor-version":[{"id":9776,"href":"http:\/\/sanignacioconcepcion.cl\/sitio\/wp-json\/wp\/v2\/posts\/9774\/revisions\/9776"}],"wp:featuredmedia":[{"embeddable":true,"href":"http:\/\/sanignacioconcepcion.cl\/sitio\/wp-json\/wp\/v2\/media\/9775"}],"wp:attachment":[{"href":"http:\/\/sanignacioconcepcion.cl\/sitio\/wp-json\/wp\/v2\/media?parent=9774"}],"wp:term":[{"taxonomy":"category","embeddable":true,"href":"http:\/\/sanignacioconcepcion.cl\/sitio\/wp-json\/wp\/v2\/categories?post=9774"},{"taxonomy":"post_tag","embeddable":true,"href":"http:\/\/sanignacioconcepcion.cl\/sitio\/wp-json\/wp\/v2\/tags?post=9774"}],"curies":[{"name":"wp","href":"https:\/\/api.w.org\/{rel}","templated":true}]}}