{"id":9777,"date":"2025-04-07T12:50:54","date_gmt":"2025-04-07T15:50:54","guid":{"rendered":"https:\/\/sanignacioconcepcion.cl\/sitio\/?p=9777"},"modified":"2025-04-07T12:50:54","modified_gmt":"2025-04-07T15:50:54","slug":"gran-participacion-de-apoderados-as-sic-en-la-copa-orei-2025","status":"publish","type":"post","link":"http:\/\/sanignacioconcepcion.cl\/sitio\/gran-participacion-de-apoderados-as-sic-en-la-copa-orei-2025\/","title":{"rendered":"\u00a1Gran participaci\u00f3n de apoderados\/as SIC en la Copa O\u2019REI 2025!"},"content":{"rendered":"<p class=\"\" data-start=\"177\" data-end=\"518\">El pasado 5 de abril se llev\u00f3 a cabo una nueva versi\u00f3n de la Copa O\u2019REI, un encuentro de f\u00fatbol que reuni\u00f3 a los apoderados de los colegios pertenecientes a la Red Educacional Ignaciana, en torno al deporte, la colaboraci\u00f3n y los valores compartidos. En esta ocasi\u00f3n, el evento tuvo lugar en el Colegio La Misi\u00f3n, ubicado en Calera de Tango.<\/p>\n<p class=\"\" data-start=\"520\" data-end=\"889\">Esta fue la tercera edici\u00f3n del campeonato y la segunda en incluir la categor\u00eda de f\u00fatbol femenino. El Colegio San Ignacio de Concepci\u00f3n (SIC) estuvo representado por ambos equipos, conformando una delegaci\u00f3n de 36 apoderados: 26 varones y 10 mujeres. Los equipos participantes fueron: Todo Competidor Masculino, Mayores de 45 a\u00f1os Masculino y Todo Competidor Femenino.<\/p>\n<p class=\"\" data-start=\"891\" data-end=\"1083\">El torneo no solo se destac\u00f3 por los emocionantes partidos llenos de pasi\u00f3n y sana competencia, sino tambi\u00e9n por ofrecer un valioso espacio para fortalecer los lazos de la comunidad ignaciana.<\/p>\n<p class=\"\" data-start=\"1085\" data-end=\"1208\">En cuanto a los resultados, la delegaci\u00f3n del SIC tuvo una destacada participaci\u00f3n, obteniendo importantes reconocimientos:<\/p>\n<ul data-start=\"1209\" data-end=\"1553\">\n<li class=\"\" data-start=\"1209\" data-end=\"1282\">\n<p class=\"\" data-start=\"1211\" data-end=\"1282\"><strong data-start=\"1211\" data-end=\"1228\">Mejor arquero<\/strong> en la categor\u00eda Todo Competidor: Sr. Pedro Vergara.<\/p>\n<\/li>\n<li class=\"\" data-start=\"1283\" data-end=\"1411\">\n<p class=\"\" data-start=\"1285\" data-end=\"1411\"><strong data-start=\"1285\" data-end=\"1312\">Goleador del campeonato<\/strong> en la misma categor\u00eda: Sr. Carlos Navarrete, representando al Colegio San Ignacio de Concepci\u00f3n.<\/p>\n<\/li>\n<li class=\"\" data-start=\"1412\" data-end=\"1553\">\n<p class=\"\" data-start=\"1414\" data-end=\"1553\"><strong data-start=\"1414\" data-end=\"1441\">Primer lugar Copa Plata<\/strong>, categor\u00eda +45: equipo representado por el Sr. Cristian Salazar, tambi\u00e9n del Colegio San Ignacio de Concepci\u00f3n.<\/p>\n<\/li>\n<\/ul>\n<p class=\"\" data-start=\"1555\" data-end=\"1695\">La presidenta del Centro de Padres, Sra. Erika Pino, valor\u00f3 profundamente el compromiso y el esfuerzo del grupo que represent\u00f3 al colegio:<\/p>\n<blockquote data-start=\"1696\" data-end=\"2436\">\n<p class=\"\" data-start=\"1698\" data-end=\"2436\">\u201cDestaco el trabajo, el compa\u00f1erismo y la entrega de todos quienes participaron. Estos gestos reflejan claramente los valores de nuestra comunidad SIC. Agradezco tambi\u00e9n a la Direcci\u00f3n del colegio por facilitar los espacios y apoyar la recaudaci\u00f3n de fondos. Como en a\u00f1os anteriores, realizamos diversas actividades para poder financiar nuestra participaci\u00f3n. Fue un gran desaf\u00edo en un corto plazo: cada jugador\/a organiz\u00f3 una rifa que sorteamos en lo que llamamos la \u2018Noche del F\u00fatbol\u2019, un Caf\u00e9 Concert. Adem\u00e1s, realizamos ventas en el kiosko para apoyar. Con mucho esfuerzo, logramos reunir los fondos y estar presentes nuevamente en esta versi\u00f3n 2025. Somos y hacemos juntos comunidad SIC, y esta instancia es una muestra m\u00e1s de ello.\u201d<\/p>\n<\/blockquote>\n<p class=\"\" data-start=\"2438\" data-end=\"2650\">Durante el evento, las familias tambi\u00e9n disfrutaron de una variada oferta gastron\u00f3mica en los stands de comida, junto con acogedores espacios de recreaci\u00f3n ideales para compartir, conversar y fortalecer v\u00ednculos.<\/p>\n<p class=\"\" data-start=\"2652\" data-end=\"2760\">La pr\u00f3xima edici\u00f3n de la Copa O\u2019REI se realizar\u00e1 en 2026, y tendr\u00e1 como sede el Colegio San Mateo de Osorno. <a href=\"https:\/\/photos.app.goo.gl\/pYLnFcY156yqnijp6\">ver fotos<\/a><\/p>\n","protected":false},"excerpt":{"rendered":"<p>El pasado 5 de abril se llev\u00f3 a cabo una nueva versi\u00f3n de la Copa O\u2019REI, un encuentro de f\u00fatbol que reuni\u00f3 a los apoderados de los colegios pertenecientes a la Red Educacional Ignaciana, en torno al deporte, la colaboraci\u00f3n y los valores compartidos. En esta ocasi\u00f3n, el evento tuvo lugar en el Colegio La&hellip;<\/p>\n","protected":false},"author":1,"featured_media":9778,"comment_status":"closed","ping_status":"closed","sticky":false,"template":"","format":"standard","meta":[],"categories":[4],"tags":[],"_links":{"self":[{"href":"http:\/\/sanignacioconcepcion.cl\/sitio\/wp-json\/wp\/v2\/posts\/9777"}],"collection":[{"href":"http:\/\/sanignacioconcepcion.cl\/sitio\/wp-json\/wp\/v2\/posts"}],"about":[{"href":"http:\/\/sanignacioconcepcion.cl\/sitio\/wp-json\/wp\/v2\/types\/post"}],"author":[{"embeddable":true,"href":"http:\/\/sanignacioconcepcion.cl\/sitio\/wp-json\/wp\/v2\/users\/1"}],"replies":[{"embeddable":true,"href":"http:\/\/sanignacioconcepcion.cl\/sitio\/wp-json\/wp\/v2\/comments?post=9777"}],"version-history":[{"count":1,"href":"http:\/\/sanignacioconcepcion.cl\/sitio\/wp-json\/wp\/v2\/posts\/9777\/revisions"}],"predecessor-version":[{"id":9779,"href":"http:\/\/sanignacioconcepcion.cl\/sitio\/wp-json\/wp\/v2\/posts\/9777\/revisions\/9779"}],"wp:featuredmedia":[{"embeddable":true,"href":"http:\/\/sanignacioconcepcion.cl\/sitio\/wp-json\/wp\/v2\/media\/9778"}],"wp:attachment":[{"href":"http:\/\/sanignacioconcepcion.cl\/sitio\/wp-json\/wp\/v2\/media?parent=9777"}],"wp:term":[{"taxonomy":"category","embeddable":true,"href":"http:\/\/sanignacioconcepcion.cl\/sitio\/wp-json\/wp\/v2\/categories?post=9777"},{"taxonomy":"post_tag","embeddable":true,"href":"http:\/\/sanignacioconcepcion.cl\/sitio\/wp-json\/wp\/v2\/tags?post=9777"}],"curies":[{"name":"wp","href":"https:\/\/api.w.org\/{rel}","templated":true}]}}