{"id":9780,"date":"2025-04-07T15:19:39","date_gmt":"2025-04-07T18:19:39","guid":{"rendered":"https:\/\/sanignacioconcepcion.cl\/sitio\/?p=9780"},"modified":"2025-04-07T15:19:39","modified_gmt":"2025-04-07T18:19:39","slug":"estudiante-sic-recibio-premio-del-concurso-nacional-de-poesia-juvenil-pablo-neruda-2024","status":"publish","type":"post","link":"http:\/\/sanignacioconcepcion.cl\/sitio\/estudiante-sic-recibio-premio-del-concurso-nacional-de-poesia-juvenil-pablo-neruda-2024\/","title":{"rendered":"Estudiante SIC recibi\u00f3 premio del Concurso Nacional de Poes\u00eda Juvenil Pablo Neruda 2024"},"content":{"rendered":"<p><span style=\"font-weight: 400;\">El viernes 4 de abril se llev\u00f3 a cabo la ceremonia de premiaci\u00f3n del Concurso Nacional de Poes\u00eda Juvenil Pablo Neruda 2024, en la que se condecor\u00f3 a 10 estudiantes del pa\u00eds, entre ellos, un alumno de nuestro colegio, Dami\u00e1n Nova Espinoza (2MB), por su poema \u00abBiob\u00edo\u00bb.<\/span><\/p>\n<p><span style=\"font-weight: 400;\">Los ganadores recibieron como premio una \u00abbiblioteca de libros de poes\u00eda\u00bb por sus creaciones y tuvieron la oportunidad de leer sus trabajos en el Sal\u00f3n de Honor de la Casa Central de la Universidad de Chile.<\/span><\/p>\n<p><a href=\"https:\/\/www.instagram.com\/p\/DICmi08yfaa\/?utm_source=ig_web_copy_link&amp;igsh=MzRlODBiNWFlZA==\"><span style=\"color: #800000;\">M\u00e1s informaci\u00f3n aqu\u00ed<\/span><\/a><\/p>\n","protected":false},"excerpt":{"rendered":"<p>El viernes 4 de abril se llev\u00f3 a cabo la ceremonia de premiaci\u00f3n del Concurso Nacional de Poes\u00eda Juvenil Pablo Neruda 2024, en la que se condecor\u00f3 a 10 estudiantes del pa\u00eds, entre ellos, un alumno de nuestro colegio, Dami\u00e1n Nova Espinoza (2MB), por su poema \u00abBiob\u00edo\u00bb. Los ganadores recibieron como premio una \u00abbiblioteca de&hellip;<\/p>\n","protected":false},"author":1,"featured_media":9781,"comment_status":"closed","ping_status":"closed","sticky":false,"template":"","format":"standard","meta":[],"categories":[4],"tags":[],"_links":{"self":[{"href":"http:\/\/sanignacioconcepcion.cl\/sitio\/wp-json\/wp\/v2\/posts\/9780"}],"collection":[{"href":"http:\/\/sanignacioconcepcion.cl\/sitio\/wp-json\/wp\/v2\/posts"}],"about":[{"href":"http:\/\/sanignacioconcepcion.cl\/sitio\/wp-json\/wp\/v2\/types\/post"}],"author":[{"embeddable":true,"href":"http:\/\/sanignacioconcepcion.cl\/sitio\/wp-json\/wp\/v2\/users\/1"}],"replies":[{"embeddable":true,"href":"http:\/\/sanignacioconcepcion.cl\/sitio\/wp-json\/wp\/v2\/comments?post=9780"}],"version-history":[{"count":1,"href":"http:\/\/sanignacioconcepcion.cl\/sitio\/wp-json\/wp\/v2\/posts\/9780\/revisions"}],"predecessor-version":[{"id":9782,"href":"http:\/\/sanignacioconcepcion.cl\/sitio\/wp-json\/wp\/v2\/posts\/9780\/revisions\/9782"}],"wp:featuredmedia":[{"embeddable":true,"href":"http:\/\/sanignacioconcepcion.cl\/sitio\/wp-json\/wp\/v2\/media\/9781"}],"wp:attachment":[{"href":"http:\/\/sanignacioconcepcion.cl\/sitio\/wp-json\/wp\/v2\/media?parent=9780"}],"wp:term":[{"taxonomy":"category","embeddable":true,"href":"http:\/\/sanignacioconcepcion.cl\/sitio\/wp-json\/wp\/v2\/categories?post=9780"},{"taxonomy":"post_tag","embeddable":true,"href":"http:\/\/sanignacioconcepcion.cl\/sitio\/wp-json\/wp\/v2\/tags?post=9780"}],"curies":[{"name":"wp","href":"https:\/\/api.w.org\/{rel}","templated":true}]}}