{"id":9785,"date":"2025-04-08T12:47:42","date_gmt":"2025-04-08T15:47:42","guid":{"rendered":"https:\/\/sanignacioconcepcion.cl\/sitio\/?p=9785"},"modified":"2025-04-08T12:47:42","modified_gmt":"2025-04-08T15:47:42","slug":"nos-complace-enormemente-compartir-con-ustedes-una-gran-noticia-que-nos-llena-de-alegria-y-satisfaccion","status":"publish","type":"post","link":"http:\/\/sanignacioconcepcion.cl\/sitio\/nos-complace-enormemente-compartir-con-ustedes-una-gran-noticia-que-nos-llena-de-alegria-y-satisfaccion\/","title":{"rendered":"Nos complace enormemente compartir con ustedes una\u00a0gran noticia\u00a0que nos llena de alegr\u00eda y satisfacci\u00f3n"},"content":{"rendered":"<p style=\"font-weight: 400;\">Estimados padres, apoderados y comunidad educativa:<\/p>\n<p style=\"font-weight: 400;\">Nos complace enormemente compartir con ustedes una\u00a0<strong>gran noticia<\/strong>\u00a0que nos llena de alegr\u00eda y satisfacci\u00f3n.<\/p>\n<p style=\"font-weight: 400;\">Antes, nuestro establecimiento contaba con 50 raciones para pre b\u00e1sica, 193 raciones para b\u00e1sica y 175 raciones para los estudiantes de ense\u00f1anza media, entregadas por <strong>JUNAEB<\/strong>. Sin embargo, nos enorgullece informarles que hemos recibido la confirmaci\u00f3n de un\u00a0<strong>aumento significativo en las raciones<\/strong>\u00a0a partir del\u00a0<strong>martes 08 de abril del 2025<\/strong>\u00a0lo que permitir\u00e1 que muchos m\u00e1s estudiantes se beneficien de este valioso apoyo.<\/p>\n<table style=\"font-weight: 400;\">\n<tbody>\n<tr>\n<td width=\"147\"><strong>NIVELES<\/strong><\/td>\n<td width=\"147\"><strong>RACIONES ACTUALES<\/strong><\/td>\n<td width=\"147\"><strong>AUMENTO DE RACIONES<\/strong><\/td>\n<td width=\"147\"><strong>TOTAL<\/strong><\/p>\n<p><strong>RACIONES<\/strong><\/td>\n<\/tr>\n<tr>\n<td width=\"147\">PRE B\u00c1SICA<\/td>\n<td width=\"147\">50<\/td>\n<td width=\"147\">100<\/td>\n<td width=\"147\">150<\/td>\n<\/tr>\n<tr>\n<td width=\"147\">B\u00c1SICA<\/td>\n<td width=\"147\">193<\/td>\n<td width=\"147\">27<\/td>\n<td width=\"147\">220<\/td>\n<\/tr>\n<tr>\n<td width=\"147\">MEDIA<\/td>\n<td width=\"147\">175<\/td>\n<td width=\"147\">0<\/td>\n<td width=\"147\">175<\/td>\n<\/tr>\n<tr>\n<td width=\"147\"><strong>TOTAL<\/strong><\/td>\n<td width=\"147\"><strong>418<\/strong><\/td>\n<td width=\"147\"><strong>127<\/strong><\/td>\n<td width=\"147\"><strong>545<\/strong><\/td>\n<\/tr>\n<\/tbody>\n<\/table>\n<p style=\"font-weight: 400;\">\n<p style=\"font-weight: 400;\">Este aumento en las raciones representa un gran paso para continuar asegurando una alimentaci\u00f3n adecuada y de calidad para nuestros estudiantes, lo que favorece su bienestar y su desarrollo integral. Sabemos lo importante que es para las familias contar con este tipo de recursos, y esta noticia nos llena de entusiasmo y gratitud.<\/p>\n<p style=\"font-weight: 400;\">Los criterios tomados para asignar estas nuevas raciones fueron los siguientes:<\/p>\n<ol style=\"font-weight: 400;\">\n<li>Alumnos\/as que tengan hermanos\/as que ya sean beneficiarios de alimentaci\u00f3n.<\/li>\n<li>Alumnos\/as prioritarios.<\/li>\n<li>Alumnos\/as preferentes.<\/li>\n<li>Alumnos con solicitudes especiales a nivel de salud y familiar.<\/li>\n<\/ol>\n<p style=\"font-weight: 400;\">Agradecemos profundamente su apoyo constante y la confianza depositada en nuestra instituci\u00f3n.<\/p>\n","protected":false},"excerpt":{"rendered":"<p>Estimados padres, apoderados y comunidad educativa: Nos complace enormemente compartir con ustedes una\u00a0gran noticia\u00a0que nos llena de alegr\u00eda y satisfacci\u00f3n. Antes, nuestro establecimiento contaba con 50 raciones para pre b\u00e1sica, 193 raciones para b\u00e1sica y 175 raciones para los estudiantes de ense\u00f1anza media, entregadas por JUNAEB. Sin embargo, nos enorgullece informarles que hemos recibido la&hellip;<\/p>\n","protected":false},"author":1,"featured_media":0,"comment_status":"closed","ping_status":"closed","sticky":false,"template":"","format":"standard","meta":[],"categories":[3],"tags":[],"_links":{"self":[{"href":"http:\/\/sanignacioconcepcion.cl\/sitio\/wp-json\/wp\/v2\/posts\/9785"}],"collection":[{"href":"http:\/\/sanignacioconcepcion.cl\/sitio\/wp-json\/wp\/v2\/posts"}],"about":[{"href":"http:\/\/sanignacioconcepcion.cl\/sitio\/wp-json\/wp\/v2\/types\/post"}],"author":[{"embeddable":true,"href":"http:\/\/sanignacioconcepcion.cl\/sitio\/wp-json\/wp\/v2\/users\/1"}],"replies":[{"embeddable":true,"href":"http:\/\/sanignacioconcepcion.cl\/sitio\/wp-json\/wp\/v2\/comments?post=9785"}],"version-history":[{"count":2,"href":"http:\/\/sanignacioconcepcion.cl\/sitio\/wp-json\/wp\/v2\/posts\/9785\/revisions"}],"predecessor-version":[{"id":9787,"href":"http:\/\/sanignacioconcepcion.cl\/sitio\/wp-json\/wp\/v2\/posts\/9785\/revisions\/9787"}],"wp:attachment":[{"href":"http:\/\/sanignacioconcepcion.cl\/sitio\/wp-json\/wp\/v2\/media?parent=9785"}],"wp:term":[{"taxonomy":"category","embeddable":true,"href":"http:\/\/sanignacioconcepcion.cl\/sitio\/wp-json\/wp\/v2\/categories?post=9785"},{"taxonomy":"post_tag","embeddable":true,"href":"http:\/\/sanignacioconcepcion.cl\/sitio\/wp-json\/wp\/v2\/tags?post=9785"}],"curies":[{"name":"wp","href":"https:\/\/api.w.org\/{rel}","templated":true}]}}