{"id":9788,"date":"2025-04-08T13:07:48","date_gmt":"2025-04-08T16:07:48","guid":{"rendered":"https:\/\/sanignacioconcepcion.cl\/sitio\/?p=9788"},"modified":"2025-04-08T13:45:35","modified_gmt":"2025-04-08T16:45:35","slug":"suspension-campamento-de-la-amistad-2025-8o-basico","status":"publish","type":"post","link":"http:\/\/sanignacioconcepcion.cl\/sitio\/suspension-campamento-de-la-amistad-2025-8o-basico\/","title":{"rendered":"Suspensi\u00f3n Campamento de la Amistad 2025 (8\u00ba b\u00e1sico)"},"content":{"rendered":"<div class=\"gmail_default\">\n<p class=\"\" data-start=\"180\" data-end=\"204\"><strong data-start=\"180\" data-end=\"204\">Estimadas familias:<\/strong><\/p>\n<p class=\"\" data-start=\"206\" data-end=\"366\">Junto con saludar, informo que, debido a las condiciones meteorol\u00f3gicas que se presentar\u00e1n los d\u00edas mi\u00e9rcoles 9 y jueves 10 de abril, se suspende el Campamento de la Amistad.<\/p>\n<p class=\"\" data-start=\"368\" data-end=\"553\">Esta actividad ser\u00e1 recalendarizada para el segundo semestre. Por lo tanto, las clases de 8\u00b0 b\u00e1sico correspondientes a los d\u00edas mi\u00e9rcoles, jueves y viernes se realizar\u00e1n con normalidad.<\/p>\n<p class=\"\" data-start=\"555\" data-end=\"595\">Saludos cordiales,<\/p>\n<\/div>\n<p data-start=\"555\" data-end=\"595\">Direcci\u00f3n Ciclo Roma<\/p>\n","protected":false},"excerpt":{"rendered":"<p>Estimadas familias: Junto con saludar, informo que, debido a las condiciones meteorol\u00f3gicas que se presentar\u00e1n los d\u00edas mi\u00e9rcoles 9 y jueves 10 de abril, se suspende el Campamento de la Amistad. Esta actividad ser\u00e1 recalendarizada para el segundo semestre. Por lo tanto, las clases de 8\u00b0 b\u00e1sico correspondientes a los d\u00edas mi\u00e9rcoles, jueves y viernes&hellip;<\/p>\n","protected":false},"author":1,"featured_media":0,"comment_status":"closed","ping_status":"closed","sticky":false,"template":"","format":"standard","meta":[],"categories":[3],"tags":[],"_links":{"self":[{"href":"http:\/\/sanignacioconcepcion.cl\/sitio\/wp-json\/wp\/v2\/posts\/9788"}],"collection":[{"href":"http:\/\/sanignacioconcepcion.cl\/sitio\/wp-json\/wp\/v2\/posts"}],"about":[{"href":"http:\/\/sanignacioconcepcion.cl\/sitio\/wp-json\/wp\/v2\/types\/post"}],"author":[{"embeddable":true,"href":"http:\/\/sanignacioconcepcion.cl\/sitio\/wp-json\/wp\/v2\/users\/1"}],"replies":[{"embeddable":true,"href":"http:\/\/sanignacioconcepcion.cl\/sitio\/wp-json\/wp\/v2\/comments?post=9788"}],"version-history":[{"count":2,"href":"http:\/\/sanignacioconcepcion.cl\/sitio\/wp-json\/wp\/v2\/posts\/9788\/revisions"}],"predecessor-version":[{"id":9790,"href":"http:\/\/sanignacioconcepcion.cl\/sitio\/wp-json\/wp\/v2\/posts\/9788\/revisions\/9790"}],"wp:attachment":[{"href":"http:\/\/sanignacioconcepcion.cl\/sitio\/wp-json\/wp\/v2\/media?parent=9788"}],"wp:term":[{"taxonomy":"category","embeddable":true,"href":"http:\/\/sanignacioconcepcion.cl\/sitio\/wp-json\/wp\/v2\/categories?post=9788"},{"taxonomy":"post_tag","embeddable":true,"href":"http:\/\/sanignacioconcepcion.cl\/sitio\/wp-json\/wp\/v2\/tags?post=9788"}],"curies":[{"name":"wp","href":"https:\/\/api.w.org\/{rel}","templated":true}]}}