{"id":9791,"date":"2025-04-08T15:16:35","date_gmt":"2025-04-08T18:16:35","guid":{"rendered":"https:\/\/sanignacioconcepcion.cl\/sitio\/?p=9791"},"modified":"2025-04-08T15:16:35","modified_gmt":"2025-04-08T18:16:35","slug":"conmemoracion-dia-mundial-de-la-actividad-fisica-y-el-deporte-en-el-sic","status":"publish","type":"post","link":"http:\/\/sanignacioconcepcion.cl\/sitio\/conmemoracion-dia-mundial-de-la-actividad-fisica-y-el-deporte-en-el-sic\/","title":{"rendered":"Conmemoraci\u00f3n D\u00eda Mundial de la Actividad F\u00edsica y el Deporte en el SIC"},"content":{"rendered":"<p><span style=\"font-weight: 400;\">Con una extensi\u00f3n del primer recreo y una serie de actividades deportivas, se conmemor\u00f3 el D\u00eda de la Actividad F\u00edsica y el Deporte este martes 8 de abril en el SIC.<\/span><\/p>\n<p><span style=\"font-weight: 400;\">La iniciativa, impulsada por el Centro de Alumnos Roma y el Departamento de Educaci\u00f3n F\u00edsica, permiti\u00f3 a los estudiantes participar en diversas disciplinas como v\u00f3leibol, baloncesto, matanza, f\u00fatbol, y un circuito de motricidad, entre otras.<\/span><\/p>\n<p><span style=\"font-weight: 400;\">Por otro lado, los m\u00e1s peque\u00f1os de preb\u00e1sica disfrutaron de un recreo musical con bailes y coreograf\u00edas, acompa\u00f1ados de la mascota institucional.<\/span><\/p>\n<p><span style=\"font-weight: 400;\">Adem\u00e1s, le entregaron frutas a los participantes de las actividades como una forma de promover la vida sana. <a href=\"https:\/\/photos.app.goo.gl\/zjdkHbYByea7Peja7\"><span style=\"color: #800000;\"><strong>Ver fotos<\/strong><\/span><\/a><\/span><\/p>\n","protected":false},"excerpt":{"rendered":"<p>Con una extensi\u00f3n del primer recreo y una serie de actividades deportivas, se conmemor\u00f3 el D\u00eda de la Actividad F\u00edsica y el Deporte este martes 8 de abril en el SIC. La iniciativa, impulsada por el Centro de Alumnos Roma y el Departamento de Educaci\u00f3n F\u00edsica, permiti\u00f3 a los estudiantes participar en diversas disciplinas como&hellip;<\/p>\n","protected":false},"author":1,"featured_media":9792,"comment_status":"closed","ping_status":"closed","sticky":false,"template":"","format":"standard","meta":[],"categories":[4],"tags":[],"_links":{"self":[{"href":"http:\/\/sanignacioconcepcion.cl\/sitio\/wp-json\/wp\/v2\/posts\/9791"}],"collection":[{"href":"http:\/\/sanignacioconcepcion.cl\/sitio\/wp-json\/wp\/v2\/posts"}],"about":[{"href":"http:\/\/sanignacioconcepcion.cl\/sitio\/wp-json\/wp\/v2\/types\/post"}],"author":[{"embeddable":true,"href":"http:\/\/sanignacioconcepcion.cl\/sitio\/wp-json\/wp\/v2\/users\/1"}],"replies":[{"embeddable":true,"href":"http:\/\/sanignacioconcepcion.cl\/sitio\/wp-json\/wp\/v2\/comments?post=9791"}],"version-history":[{"count":1,"href":"http:\/\/sanignacioconcepcion.cl\/sitio\/wp-json\/wp\/v2\/posts\/9791\/revisions"}],"predecessor-version":[{"id":9793,"href":"http:\/\/sanignacioconcepcion.cl\/sitio\/wp-json\/wp\/v2\/posts\/9791\/revisions\/9793"}],"wp:featuredmedia":[{"embeddable":true,"href":"http:\/\/sanignacioconcepcion.cl\/sitio\/wp-json\/wp\/v2\/media\/9792"}],"wp:attachment":[{"href":"http:\/\/sanignacioconcepcion.cl\/sitio\/wp-json\/wp\/v2\/media?parent=9791"}],"wp:term":[{"taxonomy":"category","embeddable":true,"href":"http:\/\/sanignacioconcepcion.cl\/sitio\/wp-json\/wp\/v2\/categories?post=9791"},{"taxonomy":"post_tag","embeddable":true,"href":"http:\/\/sanignacioconcepcion.cl\/sitio\/wp-json\/wp\/v2\/tags?post=9791"}],"curies":[{"name":"wp","href":"https:\/\/api.w.org\/{rel}","templated":true}]}}