{"id":9801,"date":"2025-04-09T15:21:59","date_gmt":"2025-04-09T18:21:59","guid":{"rendered":"https:\/\/sanignacioconcepcion.cl\/sitio\/?p=9801"},"modified":"2025-04-09T15:23:34","modified_gmt":"2025-04-09T18:23:34","slug":"primera-reunion-del-consejo-escolar-sic-2025","status":"publish","type":"post","link":"http:\/\/sanignacioconcepcion.cl\/sitio\/primera-reunion-del-consejo-escolar-sic-2025\/","title":{"rendered":"Primera Reuni\u00f3n del Consejo Escolar SIC 2025"},"content":{"rendered":"<p><span style=\"font-weight: 400;\">El pasado martes 8 de abril se llev\u00f3 a cabo la primera reuni\u00f3n del <\/span><b>Consejo Escolar del Colegio San Ignacio de Concepci\u00f3n 2025<\/b><span style=\"font-weight: 400;\">, instancia fundamental para el fortalecimiento de la vida escolar y el desarrollo de nuestra Comunidad Educativa Ignaciana.<\/span><\/p>\n<p><span style=\"font-weight: 400;\">Este Consejo est\u00e1 conformado por representantes de los distintos estamentos de nuestra comunidad:<\/span><\/p>\n<ul>\n<li style=\"font-weight: 400;\" aria-level=\"1\"><b>Directora del establecimiento<\/b><span style=\"font-weight: 400;\">: Sra. Claudia Messina<\/span><\/li>\n<li style=\"font-weight: 400;\" aria-level=\"1\"><b>Representante del Sostenedor<\/b><span style=\"font-weight: 400;\">, Fundaci\u00f3n San Juan del Castillo: Padre Juan Pablo Moyano SJ<\/span><\/li>\n<li style=\"font-weight: 400;\" aria-level=\"1\"><b>Presidenta del Centro de Padres y Apoderados<\/b><span style=\"font-weight: 400;\">: Sra. Erika Pino<\/span><\/li>\n<li style=\"font-weight: 400;\" aria-level=\"1\"><b>Presidenta del Centro de Alumnos<\/b><span style=\"font-weight: 400;\">: Srta. Sarai G\u00f3mez<\/span><\/li>\n<li style=\"font-weight: 400;\" aria-level=\"1\"><b>Representante de los Docentes<\/b><span style=\"font-weight: 400;\">: Sr. Felipe Mu\u00f1oz<\/span><\/li>\n<li style=\"font-weight: 400;\" aria-level=\"1\"><b>Representante de los Asistentes de la Educaci\u00f3n<\/b><span style=\"font-weight: 400;\">: Sr. Claudio Schwaner<\/span><\/li>\n<li style=\"font-weight: 400;\" aria-level=\"1\"><b>Encargado de Convivencia Escolar<\/b><span style=\"font-weight: 400;\">: Sr. Jos\u00e9 Mora<\/span><\/li>\n<\/ul>\n<p><span style=\"font-weight: 400;\">Durante esta primera sesi\u00f3n, los temas principales fueron la conformaci\u00f3n del nuevo equipo de trabajo para el a\u00f1o 2025, la actualizaci\u00f3n del <\/span>Reglamento Interno de Convivencia Escolar y\u00a0 la <span style=\"font-weight: 400;\">revisi\u00f3n del <\/span>informe financiero.<\/p>\n<p><span style=\"font-weight: 400;\">Este Consejo Escolar se reunir\u00e1 de manera peri\u00f3dica a lo largo del a\u00f1o con el objetivo de <\/span>promover el di\u00e1logo, la participaci\u00f3n y la toma de decisiones colaborativas<span style=\"font-weight: 400;\">, en pos de un crecimiento integral y sostenido del proceso educativo que nos inspira como comunidad Ignaciana.<\/span><\/p>\n","protected":false},"excerpt":{"rendered":"<p>El pasado martes 8 de abril se llev\u00f3 a cabo la primera reuni\u00f3n del Consejo Escolar del Colegio San Ignacio de Concepci\u00f3n 2025, instancia fundamental para el fortalecimiento de la vida escolar y el desarrollo de nuestra Comunidad Educativa Ignaciana. Este Consejo est\u00e1 conformado por representantes de los distintos estamentos de nuestra comunidad: Directora del&hellip;<\/p>\n","protected":false},"author":1,"featured_media":9802,"comment_status":"closed","ping_status":"closed","sticky":false,"template":"","format":"standard","meta":[],"categories":[4],"tags":[],"_links":{"self":[{"href":"http:\/\/sanignacioconcepcion.cl\/sitio\/wp-json\/wp\/v2\/posts\/9801"}],"collection":[{"href":"http:\/\/sanignacioconcepcion.cl\/sitio\/wp-json\/wp\/v2\/posts"}],"about":[{"href":"http:\/\/sanignacioconcepcion.cl\/sitio\/wp-json\/wp\/v2\/types\/post"}],"author":[{"embeddable":true,"href":"http:\/\/sanignacioconcepcion.cl\/sitio\/wp-json\/wp\/v2\/users\/1"}],"replies":[{"embeddable":true,"href":"http:\/\/sanignacioconcepcion.cl\/sitio\/wp-json\/wp\/v2\/comments?post=9801"}],"version-history":[{"count":3,"href":"http:\/\/sanignacioconcepcion.cl\/sitio\/wp-json\/wp\/v2\/posts\/9801\/revisions"}],"predecessor-version":[{"id":9805,"href":"http:\/\/sanignacioconcepcion.cl\/sitio\/wp-json\/wp\/v2\/posts\/9801\/revisions\/9805"}],"wp:featuredmedia":[{"embeddable":true,"href":"http:\/\/sanignacioconcepcion.cl\/sitio\/wp-json\/wp\/v2\/media\/9802"}],"wp:attachment":[{"href":"http:\/\/sanignacioconcepcion.cl\/sitio\/wp-json\/wp\/v2\/media?parent=9801"}],"wp:term":[{"taxonomy":"category","embeddable":true,"href":"http:\/\/sanignacioconcepcion.cl\/sitio\/wp-json\/wp\/v2\/categories?post=9801"},{"taxonomy":"post_tag","embeddable":true,"href":"http:\/\/sanignacioconcepcion.cl\/sitio\/wp-json\/wp\/v2\/tags?post=9801"}],"curies":[{"name":"wp","href":"https:\/\/api.w.org\/{rel}","templated":true}]}}