{"id":9813,"date":"2025-04-11T13:35:40","date_gmt":"2025-04-11T16:35:40","guid":{"rendered":"https:\/\/sanignacioconcepcion.cl\/sitio\/?p=9813"},"modified":"2025-04-11T13:35:40","modified_gmt":"2025-04-11T16:35:40","slug":"orgullo-ignaciano-en-el-deporte-antonia-aranda-representara-a-chile-en-el-panamericano-de-ruta-2025","status":"publish","type":"post","link":"http:\/\/sanignacioconcepcion.cl\/sitio\/orgullo-ignaciano-en-el-deporte-antonia-aranda-representara-a-chile-en-el-panamericano-de-ruta-2025\/","title":{"rendered":"Orgullo Ignaciano en el Deporte: Antonia Aranda Representar\u00e1 a Chile en el Panamericano de Ruta 2025"},"content":{"rendered":"<p><span style=\"font-weight: 400;\">Con gran orgullo anunciamos que <\/span><b>Antonia Aranda<\/b><span style=\"font-weight: 400;\">, estudiante de 4\u00ba Medio B de nuestra comunidad educativa, ha sido seleccionada para representar a <\/span><b>Chile en el Campeonato Panamericano de Ruta 2025<\/b><span style=\"font-weight: 400;\">, que se realizar\u00e1 en <\/span>Punta del Este, Uruguay<span style=\"font-weight: 400;\">, entre el <\/span>21 y el 27 de abril.<\/p>\n<p><span style=\"font-weight: 400;\">Antonia no solo forma parte de los 30 ciclistas que integrar\u00e1n la delegaci\u00f3n nacional, sino que lo hace siendo parte de la categor\u00eda Junior, en su primer a\u00f1o de elegibilidad. Su historia es reflejo de esfuerzo, perseverancia y pasi\u00f3n por el deporte. De peque\u00f1a so\u00f1\u00f3 con ser parte de la selecci\u00f3n, y tras a\u00f1os de entrenamiento, sacrificios, lesiones y recuperaci\u00f3n, hoy ese sue\u00f1o se hace realidad.<\/span><\/p>\n<p><span style=\"font-weight: 400;\">\u201cEstoy muy feliz y agradecida de representar a mi pa\u00eds, ya que este ha sido un sue\u00f1o que tuve desde muy peque\u00f1a\u201d, expresa Antonia con emoci\u00f3n. Su camino en el ciclismo comenz\u00f3 por influencia familiar, pero pronto se transform\u00f3 en una pasi\u00f3n personal. Super\u00f3 obst\u00e1culos como una enfermedad en las rodillas, un accidente reciente, y las restricciones de la pandemia, que no impidieron que siguiera entrenando incluso a las 6 de la ma\u00f1ana.<\/span><\/p>\n<p><span style=\"font-weight: 400;\">Su disciplina y mentalidad firme la llevaron a participar en los selectivos nacionales, que se desarrollaron en Pichidegua y Puc\u00f3n, donde demostr\u00f3 su capacidad compitiendo incluso con categor\u00edas superiores. \u201cFue muy emocionante, nunca hab\u00eda estado a ese nivel corriendo\u201d, comenta con orgullo.<\/span><\/p>\n<p><span style=\"font-weight: 400;\">Para nuestra comunidad Ignaciana, <\/span>Antonia es un ejemplo de dedicaci\u00f3n, valent\u00eda y perseverancia<span style=\"font-weight: 400;\">, valores que nos enorgullece ver reflejados en su recorrido.\u00a0<\/span><\/p>\n","protected":false},"excerpt":{"rendered":"<p>Con gran orgullo anunciamos que Antonia Aranda, estudiante de 4\u00ba Medio B de nuestra comunidad educativa, ha sido seleccionada para representar a Chile en el Campeonato Panamericano de Ruta 2025, que se realizar\u00e1 en Punta del Este, Uruguay, entre el 21 y el 27 de abril. Antonia no solo forma parte de los 30 ciclistas&hellip;<\/p>\n","protected":false},"author":1,"featured_media":9814,"comment_status":"closed","ping_status":"closed","sticky":false,"template":"","format":"standard","meta":[],"categories":[4],"tags":[],"_links":{"self":[{"href":"http:\/\/sanignacioconcepcion.cl\/sitio\/wp-json\/wp\/v2\/posts\/9813"}],"collection":[{"href":"http:\/\/sanignacioconcepcion.cl\/sitio\/wp-json\/wp\/v2\/posts"}],"about":[{"href":"http:\/\/sanignacioconcepcion.cl\/sitio\/wp-json\/wp\/v2\/types\/post"}],"author":[{"embeddable":true,"href":"http:\/\/sanignacioconcepcion.cl\/sitio\/wp-json\/wp\/v2\/users\/1"}],"replies":[{"embeddable":true,"href":"http:\/\/sanignacioconcepcion.cl\/sitio\/wp-json\/wp\/v2\/comments?post=9813"}],"version-history":[{"count":1,"href":"http:\/\/sanignacioconcepcion.cl\/sitio\/wp-json\/wp\/v2\/posts\/9813\/revisions"}],"predecessor-version":[{"id":9815,"href":"http:\/\/sanignacioconcepcion.cl\/sitio\/wp-json\/wp\/v2\/posts\/9813\/revisions\/9815"}],"wp:featuredmedia":[{"embeddable":true,"href":"http:\/\/sanignacioconcepcion.cl\/sitio\/wp-json\/wp\/v2\/media\/9814"}],"wp:attachment":[{"href":"http:\/\/sanignacioconcepcion.cl\/sitio\/wp-json\/wp\/v2\/media?parent=9813"}],"wp:term":[{"taxonomy":"category","embeddable":true,"href":"http:\/\/sanignacioconcepcion.cl\/sitio\/wp-json\/wp\/v2\/categories?post=9813"},{"taxonomy":"post_tag","embeddable":true,"href":"http:\/\/sanignacioconcepcion.cl\/sitio\/wp-json\/wp\/v2\/tags?post=9813"}],"curies":[{"name":"wp","href":"https:\/\/api.w.org\/{rel}","templated":true}]}}