{"id":9819,"date":"2025-04-14T15:54:16","date_gmt":"2025-04-14T18:54:16","guid":{"rendered":"https:\/\/sanignacioconcepcion.cl\/sitio\/?p=9819"},"modified":"2025-04-14T15:54:16","modified_gmt":"2025-04-14T18:54:16","slug":"finalizan-jornadas-para-nuevas-familias-sic","status":"publish","type":"post","link":"http:\/\/sanignacioconcepcion.cl\/sitio\/finalizan-jornadas-para-nuevas-familias-sic\/","title":{"rendered":"Finalizan jornadas para nuevas familias SIC"},"content":{"rendered":"<p><span style=\"font-weight: 400;\">El pasado s\u00e1bado 12 de abril se realiz\u00f3 la tercera y \u00faltima jornada para familias nuevas en el Colegio San Ignacio de Concepci\u00f3n, cerrando as\u00ed un ciclo de encuentros especialmente dise\u00f1ados para quienes se integran este a\u00f1o a nuestra comunidad educativa.<\/span><\/p>\n<p><span style=\"font-weight: 400;\">Durante estas tres jornadas, las familias participaron activamente en espacios de reflexi\u00f3n y formaci\u00f3n orientados a conocer m\u00e1s profundamente el Proyecto Educativo Ignaciano y su rol fundamental dentro de este.<\/span><\/p>\n<p><span style=\"font-weight: 400;\">La primera jornada reflexion\u00f3 sobre el perfil del estudiante ignaciano que se busca formar y los pilares fundamentales para lograrlo. Adem\u00e1s, el Centro de Padres tuvo un espacio de presentaci\u00f3n, en el que expuso su labor y el impacto de su trabajo en la comunidad educativa.<\/span><\/p>\n<p><span style=\"font-weight: 400;\">La segunda jornada, organizada por el \u00c1rea de Pastoral y Formaci\u00f3n y tuvo como objetivos:favorecer el v\u00ednculo entre la familia y el Proyecto Educativo Ignaciano, destacando su rol clave en la formaci\u00f3n integral de los estudiantes desde pre-k\u00ednder, fomentando el sentido de comunidad, corresponsabilidad y pertenencia. Adem\u00e1s, se dio a conocer las propuestas formativas tanto para los estudiantes desde el \u00c1rea de Pastoral y Formaci\u00f3n, como para padres y apoderados desde el \u00c1rea de Familia.<\/span><\/p>\n<p><span style=\"font-weight: 400;\">La tercera y \u00faltima jornada estuvo a cargo del \u00e1rea de Coordinaci\u00f3n Acad\u00e9mica, y su prop\u00f3sito fue identificar elementos centrales de la Pedagog\u00eda ignaciana en los procesos acad\u00e9micos del colegio.<\/span><\/p>\n<p><span style=\"font-weight: 400;\">Estas instancias han sido fundamentales para fortalecer los v\u00ednculos entre las familias y el colegio, as\u00ed como para consolidar el sentido de comunidad ignaciana que nos caracteriza.<\/span><\/p>\n","protected":false},"excerpt":{"rendered":"<p>El pasado s\u00e1bado 12 de abril se realiz\u00f3 la tercera y \u00faltima jornada para familias nuevas en el Colegio San Ignacio de Concepci\u00f3n, cerrando as\u00ed un ciclo de encuentros especialmente dise\u00f1ados para quienes se integran este a\u00f1o a nuestra comunidad educativa. Durante estas tres jornadas, las familias participaron activamente en espacios de reflexi\u00f3n y formaci\u00f3n&hellip;<\/p>\n","protected":false},"author":1,"featured_media":9820,"comment_status":"closed","ping_status":"closed","sticky":false,"template":"","format":"standard","meta":[],"categories":[4],"tags":[],"_links":{"self":[{"href":"http:\/\/sanignacioconcepcion.cl\/sitio\/wp-json\/wp\/v2\/posts\/9819"}],"collection":[{"href":"http:\/\/sanignacioconcepcion.cl\/sitio\/wp-json\/wp\/v2\/posts"}],"about":[{"href":"http:\/\/sanignacioconcepcion.cl\/sitio\/wp-json\/wp\/v2\/types\/post"}],"author":[{"embeddable":true,"href":"http:\/\/sanignacioconcepcion.cl\/sitio\/wp-json\/wp\/v2\/users\/1"}],"replies":[{"embeddable":true,"href":"http:\/\/sanignacioconcepcion.cl\/sitio\/wp-json\/wp\/v2\/comments?post=9819"}],"version-history":[{"count":1,"href":"http:\/\/sanignacioconcepcion.cl\/sitio\/wp-json\/wp\/v2\/posts\/9819\/revisions"}],"predecessor-version":[{"id":9821,"href":"http:\/\/sanignacioconcepcion.cl\/sitio\/wp-json\/wp\/v2\/posts\/9819\/revisions\/9821"}],"wp:featuredmedia":[{"embeddable":true,"href":"http:\/\/sanignacioconcepcion.cl\/sitio\/wp-json\/wp\/v2\/media\/9820"}],"wp:attachment":[{"href":"http:\/\/sanignacioconcepcion.cl\/sitio\/wp-json\/wp\/v2\/media?parent=9819"}],"wp:term":[{"taxonomy":"category","embeddable":true,"href":"http:\/\/sanignacioconcepcion.cl\/sitio\/wp-json\/wp\/v2\/categories?post=9819"},{"taxonomy":"post_tag","embeddable":true,"href":"http:\/\/sanignacioconcepcion.cl\/sitio\/wp-json\/wp\/v2\/tags?post=9819"}],"curies":[{"name":"wp","href":"https:\/\/api.w.org\/{rel}","templated":true}]}}