{"id":9822,"date":"2025-04-14T15:56:28","date_gmt":"2025-04-14T18:56:28","guid":{"rendered":"https:\/\/sanignacioconcepcion.cl\/sitio\/?p=9822"},"modified":"2025-04-14T15:56:28","modified_gmt":"2025-04-14T18:56:28","slug":"domingo-de-ramos-comunidad-ignaciana-se-reune-en-torno-a-la-fe","status":"publish","type":"post","link":"http:\/\/sanignacioconcepcion.cl\/sitio\/domingo-de-ramos-comunidad-ignaciana-se-reune-en-torno-a-la-fe\/","title":{"rendered":"Domingo de Ramos: comunidad ignaciana se re\u00fane en torno a la fe"},"content":{"rendered":"<p><span style=\"font-weight: 400;\">El domingo 13 de abril, la comunidad del Colegio San Ignacio de Concepci\u00f3n vivi\u00f3 con alegr\u00eda y recogimiento la Eucarist\u00eda del Domingo de Ramos, dando inicio a la Semana Santa con un encuentro cargado de sentido y espiritualidad.<\/span><\/p>\n<p><span style=\"font-weight: 400;\">Durante la liturgia, se bendijeron los ramos que cada familia trajo consigo, gesto que simboliza nuestra disposici\u00f3n a recibir a Cristo en nuestras vidas. Adem\u00e1s, se vivi\u00f3 un momento especial de oraci\u00f3n comunitaria, en el que se hizo presente el compromiso de seguir caminando juntos en la fe, especialmente en este tiempo lit\u00fargico tan significativo.<\/span><\/p>\n<p><span style=\"font-weight: 400;\">Esta instancia es parte de las celebraciones organizadas por el \u00c1rea de Pastoral del colegio, que busca fortalecer el sentido de comunidad y la vivencia de la fe en todos los estamentos de la comunidad educativa. <a href=\"https:\/\/photos.app.goo.gl\/3FvkzeBjcF92iScP9\"><span style=\"color: #800000;\">Ver fotos<\/span><\/a><\/span><\/p>\n","protected":false},"excerpt":{"rendered":"<p>El domingo 13 de abril, la comunidad del Colegio San Ignacio de Concepci\u00f3n vivi\u00f3 con alegr\u00eda y recogimiento la Eucarist\u00eda del Domingo de Ramos, dando inicio a la Semana Santa con un encuentro cargado de sentido y espiritualidad. Durante la liturgia, se bendijeron los ramos que cada familia trajo consigo, gesto que simboliza nuestra disposici\u00f3n&hellip;<\/p>\n","protected":false},"author":1,"featured_media":9818,"comment_status":"closed","ping_status":"closed","sticky":false,"template":"","format":"standard","meta":[],"categories":[4],"tags":[],"_links":{"self":[{"href":"http:\/\/sanignacioconcepcion.cl\/sitio\/wp-json\/wp\/v2\/posts\/9822"}],"collection":[{"href":"http:\/\/sanignacioconcepcion.cl\/sitio\/wp-json\/wp\/v2\/posts"}],"about":[{"href":"http:\/\/sanignacioconcepcion.cl\/sitio\/wp-json\/wp\/v2\/types\/post"}],"author":[{"embeddable":true,"href":"http:\/\/sanignacioconcepcion.cl\/sitio\/wp-json\/wp\/v2\/users\/1"}],"replies":[{"embeddable":true,"href":"http:\/\/sanignacioconcepcion.cl\/sitio\/wp-json\/wp\/v2\/comments?post=9822"}],"version-history":[{"count":1,"href":"http:\/\/sanignacioconcepcion.cl\/sitio\/wp-json\/wp\/v2\/posts\/9822\/revisions"}],"predecessor-version":[{"id":9823,"href":"http:\/\/sanignacioconcepcion.cl\/sitio\/wp-json\/wp\/v2\/posts\/9822\/revisions\/9823"}],"wp:featuredmedia":[{"embeddable":true,"href":"http:\/\/sanignacioconcepcion.cl\/sitio\/wp-json\/wp\/v2\/media\/9818"}],"wp:attachment":[{"href":"http:\/\/sanignacioconcepcion.cl\/sitio\/wp-json\/wp\/v2\/media?parent=9822"}],"wp:term":[{"taxonomy":"category","embeddable":true,"href":"http:\/\/sanignacioconcepcion.cl\/sitio\/wp-json\/wp\/v2\/categories?post=9822"},{"taxonomy":"post_tag","embeddable":true,"href":"http:\/\/sanignacioconcepcion.cl\/sitio\/wp-json\/wp\/v2\/tags?post=9822"}],"curies":[{"name":"wp","href":"https:\/\/api.w.org\/{rel}","templated":true}]}}