{"id":9824,"date":"2025-04-14T17:44:07","date_gmt":"2025-04-14T20:44:07","guid":{"rendered":"https:\/\/sanignacioconcepcion.cl\/sitio\/?p=9824"},"modified":"2025-04-14T17:57:45","modified_gmt":"2025-04-14T20:57:45","slug":"liturgia-de-ramos-una-celebracion-de-fe-y-comunidad-en-el-sic","status":"publish","type":"post","link":"http:\/\/sanignacioconcepcion.cl\/sitio\/liturgia-de-ramos-una-celebracion-de-fe-y-comunidad-en-el-sic\/","title":{"rendered":"Liturgia de Ramos: Una celebraci\u00f3n de fe y comunidad en el SIC"},"content":{"rendered":"<p><span style=\"font-weight: 400;\">La ma\u00f1ana de este lunes 14 de abril, nuestra comunidad educativa vivi\u00f3 con alegr\u00eda y recogimiento la Liturgia de Ramos, marcando el inicio de la Semana Santa con un signo de unidad y esperanza. Las celebraciones fueron presididas por el Capell\u00e1n, P. Juan Pablo Moyano SJ, y contaron con la participaci\u00f3n entusiasta de los distintos niveles del colegio.<\/span><\/p>\n<p><span style=\"font-weight: 400;\">La jornada comenz\u00f3 con una liturgia muy significativa que reuni\u00f3 a estudiantes de Pre-K\u00ednder y IV Medio, como un gesto simb\u00f3lico para unir a quienes est\u00e1n comenzando su camino escolar con quienes ya se preparan para egresar. Este encuentro fue una oportunidad para fortalecer la identidad Ignaciana a trav\u00e9s de la oraci\u00f3n y la reflexi\u00f3n.<\/span><\/p>\n<p><span style=\"font-weight: 400;\">Posteriormente, fue el turno de los m\u00e1s peque\u00f1os: K\u00ednder, 1\u00b0 y 2\u00b0 b\u00e1sico, quienes participaron con gran entusiasmo en la bendici\u00f3n de sus ramos. Con alegr\u00eda y sencillez, dieron la bienvenida a Jes\u00fas a nuestro colegio, aprendiendo desde temprana edad el valor de la fe compartida.<\/span><\/p>\n<p><span style=\"font-weight: 400;\">Finalmente, los estudiantes de 5\u00b0 y 6\u00b0 b\u00e1sico tambi\u00e9n vivieron su propia liturgia, en un ambiente de recogimiento y celebraci\u00f3n. Cada momento fue preparado con dedicaci\u00f3n para que los ni\u00f1os y ni\u00f1as pudieran conectar con el mensaje de amor, humildad y entrega que nos trae el Domingo de Ramos. <a href=\"https:\/\/photos.app.goo.gl\/cqXk6ck4JiBhjhCi8\">Ver fotos<\/a><\/span><\/p>\n","protected":false},"excerpt":{"rendered":"<p>La ma\u00f1ana de este lunes 14 de abril, nuestra comunidad educativa vivi\u00f3 con alegr\u00eda y recogimiento la Liturgia de Ramos, marcando el inicio de la Semana Santa con un signo de unidad y esperanza. Las celebraciones fueron presididas por el Capell\u00e1n, P. Juan Pablo Moyano SJ, y contaron con la participaci\u00f3n entusiasta de los distintos&hellip;<\/p>\n","protected":false},"author":1,"featured_media":9825,"comment_status":"closed","ping_status":"closed","sticky":false,"template":"","format":"standard","meta":[],"categories":[4],"tags":[],"_links":{"self":[{"href":"http:\/\/sanignacioconcepcion.cl\/sitio\/wp-json\/wp\/v2\/posts\/9824"}],"collection":[{"href":"http:\/\/sanignacioconcepcion.cl\/sitio\/wp-json\/wp\/v2\/posts"}],"about":[{"href":"http:\/\/sanignacioconcepcion.cl\/sitio\/wp-json\/wp\/v2\/types\/post"}],"author":[{"embeddable":true,"href":"http:\/\/sanignacioconcepcion.cl\/sitio\/wp-json\/wp\/v2\/users\/1"}],"replies":[{"embeddable":true,"href":"http:\/\/sanignacioconcepcion.cl\/sitio\/wp-json\/wp\/v2\/comments?post=9824"}],"version-history":[{"count":2,"href":"http:\/\/sanignacioconcepcion.cl\/sitio\/wp-json\/wp\/v2\/posts\/9824\/revisions"}],"predecessor-version":[{"id":9827,"href":"http:\/\/sanignacioconcepcion.cl\/sitio\/wp-json\/wp\/v2\/posts\/9824\/revisions\/9827"}],"wp:featuredmedia":[{"embeddable":true,"href":"http:\/\/sanignacioconcepcion.cl\/sitio\/wp-json\/wp\/v2\/media\/9825"}],"wp:attachment":[{"href":"http:\/\/sanignacioconcepcion.cl\/sitio\/wp-json\/wp\/v2\/media?parent=9824"}],"wp:term":[{"taxonomy":"category","embeddable":true,"href":"http:\/\/sanignacioconcepcion.cl\/sitio\/wp-json\/wp\/v2\/categories?post=9824"},{"taxonomy":"post_tag","embeddable":true,"href":"http:\/\/sanignacioconcepcion.cl\/sitio\/wp-json\/wp\/v2\/tags?post=9824"}],"curies":[{"name":"wp","href":"https:\/\/api.w.org\/{rel}","templated":true}]}}