{"id":9830,"date":"2025-04-15T16:54:50","date_gmt":"2025-04-15T19:54:50","guid":{"rendered":"https:\/\/sanignacioconcepcion.cl\/sitio\/?p=9830"},"modified":"2025-04-15T16:54:50","modified_gmt":"2025-04-15T19:54:50","slug":"operativo-preventivo-de-salud-1-basico","status":"publish","type":"post","link":"http:\/\/sanignacioconcepcion.cl\/sitio\/operativo-preventivo-de-salud-1-basico\/","title":{"rendered":"Operativo preventivo de salud &#8211; 1 b\u00e1sico"},"content":{"rendered":"<p class=\"\" data-start=\"133\" data-end=\"178\">Estimadas madres, padres y apoderados\/as:<\/p>\n<p class=\"\" data-start=\"180\" data-end=\"407\">Junto con saludarles cordialmente, y en el marco de las acciones orientadas al fortalecimiento del bienestar integral de nuestros estudiantes, nos complace informarles una excelente noticia para los cursos de <strong>Primer A\u00f1o B\u00e1sico<\/strong>.<\/p>\n<p class=\"\" data-start=\"409\" data-end=\"790\">Durante el a\u00f1o 2025, se llevar\u00e1n a cabo <strong data-start=\"449\" data-end=\"551\">operativos preventivos de salud especializados en las \u00e1reas de Oftalmolog\u00eda y Otorrinolaringolog\u00eda<\/strong>, con el prop\u00f3sito de apoyar tempranamente la detecci\u00f3n de necesidades espec\u00edficas en el \u00e1mbito visual y auditivo. Esta iniciativa se enmarca en nuestro compromiso con el acompa\u00f1amiento integral a la trayectoria escolar de cada estudiante.<\/p>\n<p class=\"\" data-start=\"792\" data-end=\"831\"><strong data-start=\"792\" data-end=\"831\">Informaci\u00f3n importante del proceso:<\/strong><\/p>\n<ul data-start=\"833\" data-end=\"1539\">\n<li class=\"\" data-start=\"833\" data-end=\"1268\">\n<p class=\"\" data-start=\"835\" data-end=\"1268\"><strong data-start=\"835\" data-end=\"867\">Recepci\u00f3n de autorizaciones:<\/strong><br data-start=\"867\" data-end=\"870\" \/>Desde el <strong data-start=\"881\" data-end=\"921\">lunes 21 hasta el martes 22 de abril<\/strong>, se recibir\u00e1n las autorizaciones o rechazos de participaci\u00f3n en las pesquisas m\u00e9dicas.<br data-start=\"1008\" data-end=\"1011\" \/>El documento correspondiente ser\u00e1 enviado a trav\u00e9s de la libreta de comunicaciones y deber\u00e1 ser devuelto <strong data-start=\"1118\" data-end=\"1173\">obligatoriamente a m\u00e1s tardar el martes 22 de abril<\/strong>, ya que su entrega es requisito para el inicio del operativo el d\u00eda <strong data-start=\"1242\" data-end=\"1267\">mi\u00e9rcoles 23 de abril<\/strong>.<\/p>\n<\/li>\n<li class=\"\" data-start=\"1270\" data-end=\"1539\">\n<p class=\"\" data-start=\"1272\" data-end=\"1539\"><strong data-start=\"1272\" data-end=\"1320\">Formulario adicional <\/strong><\/p>\n<\/li>\n<\/ul>\n<p class=\"\" data-start=\"1272\" data-end=\"1539\">Para el caso particular de los estudiantes que\u00a0<strong>requieren evaluaci\u00f3n especializada en Otorrinolaringolog\u00eda<\/strong>, ser\u00e1 necesario adem\u00e1s que el apoderado\/a ingrese al siguiente enlace y complete el\u00a0<strong>formulario digital obligatorio<\/strong>\u00a0para acceder a dicho beneficio:<\/p>\n<p class=\"\" data-start=\"1541\" data-end=\"1735\">\ud83d\udd17 <a class=\"\" href=\"https:\/\/forms.office.com\/pages\/responsepage.aspx?id=utYT6OYRPUG8FslAqmFoeGaNUdIYdH5JsU8cpcKgLhJURVQxUVlCS0RCQ1JQRlBNVVI2N0lQWTFGOC4u&amp;route=shorturl\" target=\"_new\" rel=\"noopener\" data-start=\"1544\" data-end=\"1735\">Formulario Otorrino \u2013 Salud Escolar 2025<\/a><\/p>\n<p class=\"\" data-start=\"1737\" data-end=\"1959\">Este operativo forma parte de las estrategias de apoyo impulsadas por nuestra comunidad educativa para garantizar condiciones \u00f3ptimas de aprendizaje y desarrollo escolar, desde un enfoque preventivo y de atenci\u00f3n oportuna.<\/p>\n<p class=\"\" data-start=\"1961\" data-end=\"2149\">Agradecemos desde ya su colaboraci\u00f3n activa en este proceso, recordando la importancia de <strong data-start=\"2051\" data-end=\"2087\">respetar los plazos establecidos<\/strong> para asegurar la participaci\u00f3n efectiva de sus hijos e hijas.<\/p>\n<p data-start=\"2151\" data-end=\"2213\">\n","protected":false},"excerpt":{"rendered":"<p>Estimadas madres, padres y apoderados\/as: Junto con saludarles cordialmente, y en el marco de las acciones orientadas al fortalecimiento del bienestar integral de nuestros estudiantes, nos complace informarles una excelente noticia para los cursos de Primer A\u00f1o B\u00e1sico. Durante el a\u00f1o 2025, se llevar\u00e1n a cabo operativos preventivos de salud especializados en las \u00e1reas de&hellip;<\/p>\n","protected":false},"author":1,"featured_media":0,"comment_status":"closed","ping_status":"closed","sticky":false,"template":"","format":"standard","meta":[],"categories":[3],"tags":[],"_links":{"self":[{"href":"http:\/\/sanignacioconcepcion.cl\/sitio\/wp-json\/wp\/v2\/posts\/9830"}],"collection":[{"href":"http:\/\/sanignacioconcepcion.cl\/sitio\/wp-json\/wp\/v2\/posts"}],"about":[{"href":"http:\/\/sanignacioconcepcion.cl\/sitio\/wp-json\/wp\/v2\/types\/post"}],"author":[{"embeddable":true,"href":"http:\/\/sanignacioconcepcion.cl\/sitio\/wp-json\/wp\/v2\/users\/1"}],"replies":[{"embeddable":true,"href":"http:\/\/sanignacioconcepcion.cl\/sitio\/wp-json\/wp\/v2\/comments?post=9830"}],"version-history":[{"count":1,"href":"http:\/\/sanignacioconcepcion.cl\/sitio\/wp-json\/wp\/v2\/posts\/9830\/revisions"}],"predecessor-version":[{"id":9831,"href":"http:\/\/sanignacioconcepcion.cl\/sitio\/wp-json\/wp\/v2\/posts\/9830\/revisions\/9831"}],"wp:attachment":[{"href":"http:\/\/sanignacioconcepcion.cl\/sitio\/wp-json\/wp\/v2\/media?parent=9830"}],"wp:term":[{"taxonomy":"category","embeddable":true,"href":"http:\/\/sanignacioconcepcion.cl\/sitio\/wp-json\/wp\/v2\/categories?post=9830"},{"taxonomy":"post_tag","embeddable":true,"href":"http:\/\/sanignacioconcepcion.cl\/sitio\/wp-json\/wp\/v2\/tags?post=9830"}],"curies":[{"name":"wp","href":"https:\/\/api.w.org\/{rel}","templated":true}]}}