{"id":9833,"date":"2025-04-16T11:37:15","date_gmt":"2025-04-16T14:37:15","guid":{"rendered":"https:\/\/sanignacioconcepcion.cl\/sitio\/?p=9833"},"modified":"2025-04-16T11:37:15","modified_gmt":"2025-04-16T14:37:15","slug":"suspension-talleres-acle","status":"publish","type":"post","link":"http:\/\/sanignacioconcepcion.cl\/sitio\/suspension-talleres-acle\/","title":{"rendered":"Suspensi\u00f3n Talleres ACLE"},"content":{"rendered":"<p><span style=\"font-weight: 400;\">Estimadas familias:<\/span><\/p>\n<p><span style=\"font-weight: 400;\">Junto con saludar, informamos que, por Semana Santa, <strong>todos los talleres ACLE se suspender\u00e1n entre el jueves 17 y el lunes 21 de abril, inclusive.\u00a0<\/strong><\/span><\/p>\n<p><span style=\"font-weight: 400;\">Agradecemos su comprensi\u00f3n y les deseamos un per\u00edodo de reflexi\u00f3n y descanso en familia.<\/span><\/p>\n<p><span style=\"font-weight: 400;\">Atentamente<\/span><\/p>\n<p><span style=\"font-weight: 400;\">Coordinaci\u00f3n ACLE<\/span><\/p>\n","protected":false},"excerpt":{"rendered":"<p>Estimadas familias: Junto con saludar, informamos que, por Semana Santa, todos los talleres ACLE se suspender\u00e1n entre el jueves 17 y el lunes 21 de abril, inclusive.\u00a0 Agradecemos su comprensi\u00f3n y les deseamos un per\u00edodo de reflexi\u00f3n y descanso en familia. Atentamente Coordinaci\u00f3n ACLE<\/p>\n","protected":false},"author":1,"featured_media":0,"comment_status":"closed","ping_status":"closed","sticky":false,"template":"","format":"standard","meta":[],"categories":[3],"tags":[],"_links":{"self":[{"href":"http:\/\/sanignacioconcepcion.cl\/sitio\/wp-json\/wp\/v2\/posts\/9833"}],"collection":[{"href":"http:\/\/sanignacioconcepcion.cl\/sitio\/wp-json\/wp\/v2\/posts"}],"about":[{"href":"http:\/\/sanignacioconcepcion.cl\/sitio\/wp-json\/wp\/v2\/types\/post"}],"author":[{"embeddable":true,"href":"http:\/\/sanignacioconcepcion.cl\/sitio\/wp-json\/wp\/v2\/users\/1"}],"replies":[{"embeddable":true,"href":"http:\/\/sanignacioconcepcion.cl\/sitio\/wp-json\/wp\/v2\/comments?post=9833"}],"version-history":[{"count":1,"href":"http:\/\/sanignacioconcepcion.cl\/sitio\/wp-json\/wp\/v2\/posts\/9833\/revisions"}],"predecessor-version":[{"id":9834,"href":"http:\/\/sanignacioconcepcion.cl\/sitio\/wp-json\/wp\/v2\/posts\/9833\/revisions\/9834"}],"wp:attachment":[{"href":"http:\/\/sanignacioconcepcion.cl\/sitio\/wp-json\/wp\/v2\/media?parent=9833"}],"wp:term":[{"taxonomy":"category","embeddable":true,"href":"http:\/\/sanignacioconcepcion.cl\/sitio\/wp-json\/wp\/v2\/categories?post=9833"},{"taxonomy":"post_tag","embeddable":true,"href":"http:\/\/sanignacioconcepcion.cl\/sitio\/wp-json\/wp\/v2\/tags?post=9833"}],"curies":[{"name":"wp","href":"https:\/\/api.w.org\/{rel}","templated":true}]}}