{"id":9839,"date":"2025-04-16T16:06:21","date_gmt":"2025-04-16T19:06:21","guid":{"rendered":"https:\/\/sanignacioconcepcion.cl\/sitio\/?p=9839"},"modified":"2025-04-16T16:06:21","modified_gmt":"2025-04-16T19:06:21","slug":"desayuno-de-reconocimiento-a-la-delegacion-sic-de-la-copa-orei","status":"publish","type":"post","link":"http:\/\/sanignacioconcepcion.cl\/sitio\/desayuno-de-reconocimiento-a-la-delegacion-sic-de-la-copa-orei\/","title":{"rendered":"Desayuno de Reconocimiento a la Delegaci\u00f3n SIC de la Copa O\u2019REI"},"content":{"rendered":"<p><span style=\"font-weight: 400;\">Este mi\u00e9rcoles 16 de abril se realiz\u00f3 un desayuno de agradecimiento, en el que participaron la directora del establecimiento, Sra. Claudia Messina, el capell\u00e1n, P.Juan Pablo Moyano SJ, la presidenta del Centro de Padres, Sra. Erika Pino, y algunos apoderados que formaron parte de la delegaci\u00f3n que represent\u00f3 al colegio en la reciente Copa O\u2019REI.<\/span><\/p>\n<p><span style=\"font-weight: 400;\">El encuentro tuvo como prop\u00f3sito agradecer y reconocer el compromiso, la entrega y el esp\u00edritu deportivo demostrado por los 36 apoderados que participaron en la tercera edici\u00f3n del campeonato, realizada el pasado 5 de abril en el Colegio La Misi\u00f3n. Fue una instancia marcada por la cercan\u00eda, el di\u00e1logo y la valoraci\u00f3n del esfuerzo colectivo, que sigue fortaleciendo los lazos de nuestra comunidad ignaciana.<\/span><\/p>\n<p><span style=\"font-weight: 400;\">Durante la jornada, se destac\u00f3 el orgullo por los logros obtenidos, como el premio al mejor arquero, el goleador del torneo y el primer lugar en la Copa Plata categor\u00eda +45, reflejo del talento y la dedicaci\u00f3n de nuestros representantes.<\/span><\/p>\n<p>&nbsp;<\/p>\n","protected":false},"excerpt":{"rendered":"<p>Este mi\u00e9rcoles 16 de abril se realiz\u00f3 un desayuno de agradecimiento, en el que participaron la directora del establecimiento, Sra. Claudia Messina, el capell\u00e1n, P.Juan Pablo Moyano SJ, la presidenta del Centro de Padres, Sra. Erika Pino, y algunos apoderados que formaron parte de la delegaci\u00f3n que represent\u00f3 al colegio en la reciente Copa O\u2019REI.&hellip;<\/p>\n","protected":false},"author":1,"featured_media":9840,"comment_status":"closed","ping_status":"closed","sticky":false,"template":"","format":"standard","meta":[],"categories":[4],"tags":[],"_links":{"self":[{"href":"http:\/\/sanignacioconcepcion.cl\/sitio\/wp-json\/wp\/v2\/posts\/9839"}],"collection":[{"href":"http:\/\/sanignacioconcepcion.cl\/sitio\/wp-json\/wp\/v2\/posts"}],"about":[{"href":"http:\/\/sanignacioconcepcion.cl\/sitio\/wp-json\/wp\/v2\/types\/post"}],"author":[{"embeddable":true,"href":"http:\/\/sanignacioconcepcion.cl\/sitio\/wp-json\/wp\/v2\/users\/1"}],"replies":[{"embeddable":true,"href":"http:\/\/sanignacioconcepcion.cl\/sitio\/wp-json\/wp\/v2\/comments?post=9839"}],"version-history":[{"count":1,"href":"http:\/\/sanignacioconcepcion.cl\/sitio\/wp-json\/wp\/v2\/posts\/9839\/revisions"}],"predecessor-version":[{"id":9841,"href":"http:\/\/sanignacioconcepcion.cl\/sitio\/wp-json\/wp\/v2\/posts\/9839\/revisions\/9841"}],"wp:featuredmedia":[{"embeddable":true,"href":"http:\/\/sanignacioconcepcion.cl\/sitio\/wp-json\/wp\/v2\/media\/9840"}],"wp:attachment":[{"href":"http:\/\/sanignacioconcepcion.cl\/sitio\/wp-json\/wp\/v2\/media?parent=9839"}],"wp:term":[{"taxonomy":"category","embeddable":true,"href":"http:\/\/sanignacioconcepcion.cl\/sitio\/wp-json\/wp\/v2\/categories?post=9839"},{"taxonomy":"post_tag","embeddable":true,"href":"http:\/\/sanignacioconcepcion.cl\/sitio\/wp-json\/wp\/v2\/tags?post=9839"}],"curies":[{"name":"wp","href":"https:\/\/api.w.org\/{rel}","templated":true}]}}