{"id":9842,"date":"2025-04-17T12:52:31","date_gmt":"2025-04-17T15:52:31","guid":{"rendered":"https:\/\/sanignacioconcepcion.cl\/sitio\/?p=9842"},"modified":"2025-04-17T12:52:31","modified_gmt":"2025-04-17T15:52:31","slug":"jueves-santo-en-el-colegio-san-ignacio","status":"publish","type":"post","link":"http:\/\/sanignacioconcepcion.cl\/sitio\/jueves-santo-en-el-colegio-san-ignacio\/","title":{"rendered":"Jueves Santo en el Colegio San Ignacio"},"content":{"rendered":"<p class=\"\" style=\"text-align: left;\" data-start=\"129\" data-end=\"296\">Este Jueves Santo se vivi\u00f3 de manera especial en nuestra comunidad educativa, con distintas actividades espirituales que invitaron a los estudiantes a reflexionar.<\/p>\n<p class=\"\" style=\"text-align: left;\" data-start=\"298\" data-end=\"589\">Desde primera hora, varios cursos comenzaron el d\u00eda con una oraci\u00f3n inspirada en la \u00daltima Cena de Jes\u00fas, realizada en sus propias salas de clases. Por su parte, los terceros medios iniciaron la jornada en la capilla, en un ambiente de recogimiento y silencio que marc\u00f3 el tono de la ma\u00f1ana.<\/p>\n<p class=\"\" style=\"text-align: left;\" data-start=\"591\" data-end=\"1117\">M\u00e1s tarde, los alumnos de 3\u00ba y 4\u00ba b\u00e1sico participaron en una liturgia especialmente preparada para ellos, presidida por el Capell\u00e1n del colegio, el P. Juan Pablo Moyano SJ. Durante la celebraci\u00f3n se llev\u00f3 a cabo un gesto significativo: el lavado de manos, s\u00edmbolo del lavado de pies que realiz\u00f3 Jes\u00fas a sus disc\u00edpulos. Este signo fue una manera concreta de vivir el lema del colegio: <em data-start=\"975\" data-end=\"1022\">\u201cEntramos para aprender, salimos para servir\u201d<\/em>, recordando a los estudiantes que el verdadero aprendizaje se traduce en servicio a los dem\u00e1s. <a href=\"https:\/\/photos.app.goo.gl\/5mTAnyJ6vdkagrwE6\"><strong><span style=\"color: #800000;\">Ver fotos<\/span><\/strong><\/a><\/p>\n","protected":false},"excerpt":{"rendered":"<p>Este Jueves Santo se vivi\u00f3 de manera especial en nuestra comunidad educativa, con distintas actividades espirituales que invitaron a los estudiantes a reflexionar. Desde primera hora, varios cursos comenzaron el d\u00eda con una oraci\u00f3n inspirada en la \u00daltima Cena de Jes\u00fas, realizada en sus propias salas de clases. Por su parte, los terceros medios iniciaron&hellip;<\/p>\n","protected":false},"author":1,"featured_media":9843,"comment_status":"closed","ping_status":"closed","sticky":false,"template":"","format":"standard","meta":[],"categories":[4],"tags":[],"_links":{"self":[{"href":"http:\/\/sanignacioconcepcion.cl\/sitio\/wp-json\/wp\/v2\/posts\/9842"}],"collection":[{"href":"http:\/\/sanignacioconcepcion.cl\/sitio\/wp-json\/wp\/v2\/posts"}],"about":[{"href":"http:\/\/sanignacioconcepcion.cl\/sitio\/wp-json\/wp\/v2\/types\/post"}],"author":[{"embeddable":true,"href":"http:\/\/sanignacioconcepcion.cl\/sitio\/wp-json\/wp\/v2\/users\/1"}],"replies":[{"embeddable":true,"href":"http:\/\/sanignacioconcepcion.cl\/sitio\/wp-json\/wp\/v2\/comments?post=9842"}],"version-history":[{"count":1,"href":"http:\/\/sanignacioconcepcion.cl\/sitio\/wp-json\/wp\/v2\/posts\/9842\/revisions"}],"predecessor-version":[{"id":9844,"href":"http:\/\/sanignacioconcepcion.cl\/sitio\/wp-json\/wp\/v2\/posts\/9842\/revisions\/9844"}],"wp:featuredmedia":[{"embeddable":true,"href":"http:\/\/sanignacioconcepcion.cl\/sitio\/wp-json\/wp\/v2\/media\/9843"}],"wp:attachment":[{"href":"http:\/\/sanignacioconcepcion.cl\/sitio\/wp-json\/wp\/v2\/media?parent=9842"}],"wp:term":[{"taxonomy":"category","embeddable":true,"href":"http:\/\/sanignacioconcepcion.cl\/sitio\/wp-json\/wp\/v2\/categories?post=9842"},{"taxonomy":"post_tag","embeddable":true,"href":"http:\/\/sanignacioconcepcion.cl\/sitio\/wp-json\/wp\/v2\/tags?post=9842"}],"curies":[{"name":"wp","href":"https:\/\/api.w.org\/{rel}","templated":true}]}}