{"id":9846,"date":"2025-04-21T09:53:25","date_gmt":"2025-04-21T12:53:25","guid":{"rendered":"https:\/\/sanignacioconcepcion.cl\/sitio\/?p=9846"},"modified":"2025-04-21T09:53:25","modified_gmt":"2025-04-21T12:53:25","slug":"fallecimiento-de-su-santidad-el-papa-francisco","status":"publish","type":"post","link":"http:\/\/sanignacioconcepcion.cl\/sitio\/fallecimiento-de-su-santidad-el-papa-francisco\/","title":{"rendered":"Fallecimiento de Su Santidad el Papa Francisco"},"content":{"rendered":"<p class=\"p1\">Con profundo pesar, el Colegio San Ignacio Concepci\u00f3n comunica a toda su comunidad educativa el fallecimiento de Su Santidad el Papa Francisco.<\/p>\n<p class=\"p1\">Agradecemos a Dios por su vida y su pontificado, marcado por la humildad, la cercan\u00eda con los m\u00e1s pobres, el di\u00e1logo interreligioso, la defensa de la dignidad humana y el cuidado de la Casa Com\u00fan. Como primer Papa jesuita y latinoamericano, Francisco dej\u00f3 una huella imborrable en el coraz\u00f3n de la Iglesia y del mundo.<\/p>\n<p class=\"p1\">En este momento, nos unimos al dolor y la esperanza de toda la Iglesia y elevamos nuestras oraciones por el eterno descanso del Santo Padre.<span class=\"Apple-converted-space\">\u00a0<\/span><\/p>\n<p class=\"p1\">Asimismo, invitamos a toda la comunidad ignaciana a hacer una oraci\u00f3n de agradecimiento por la vida y el servicio del querido Papa Francisco. Y adem\u00e1s, oramos por el pr\u00f3ximo c\u00f3nclave, para que, guiados por el Esp\u00edritu Santo, en nuestra Iglesia podamos contar con un nuevo sucesor de Pedro<span class=\"Apple-converted-space\">\u00a0<\/span><\/p>\n<p class=\"p1\">Que el testimonio del Papa Francisco siga inspirando nuestro compromiso con una fe viva, justa y al servicio de los dem\u00e1s.<\/p>\n<p class=\"p1\">En la fe y la esperanza de Jes\u00fas resucitado,<\/p>\n<p class=\"p1\"><strong>Colegio San Ignacio<\/strong><\/p>\n<p class=\"p1\">21 de abril de 2025<\/p>\n","protected":false},"excerpt":{"rendered":"<p>Con profundo pesar, el Colegio San Ignacio Concepci\u00f3n comunica a toda su comunidad educativa el fallecimiento de Su Santidad el Papa Francisco. Agradecemos a Dios por su vida y su pontificado, marcado por la humildad, la cercan\u00eda con los m\u00e1s pobres, el di\u00e1logo interreligioso, la defensa de la dignidad humana y el cuidado de la&hellip;<\/p>\n","protected":false},"author":1,"featured_media":0,"comment_status":"closed","ping_status":"closed","sticky":false,"template":"","format":"standard","meta":[],"categories":[3],"tags":[],"_links":{"self":[{"href":"http:\/\/sanignacioconcepcion.cl\/sitio\/wp-json\/wp\/v2\/posts\/9846"}],"collection":[{"href":"http:\/\/sanignacioconcepcion.cl\/sitio\/wp-json\/wp\/v2\/posts"}],"about":[{"href":"http:\/\/sanignacioconcepcion.cl\/sitio\/wp-json\/wp\/v2\/types\/post"}],"author":[{"embeddable":true,"href":"http:\/\/sanignacioconcepcion.cl\/sitio\/wp-json\/wp\/v2\/users\/1"}],"replies":[{"embeddable":true,"href":"http:\/\/sanignacioconcepcion.cl\/sitio\/wp-json\/wp\/v2\/comments?post=9846"}],"version-history":[{"count":1,"href":"http:\/\/sanignacioconcepcion.cl\/sitio\/wp-json\/wp\/v2\/posts\/9846\/revisions"}],"predecessor-version":[{"id":9847,"href":"http:\/\/sanignacioconcepcion.cl\/sitio\/wp-json\/wp\/v2\/posts\/9846\/revisions\/9847"}],"wp:attachment":[{"href":"http:\/\/sanignacioconcepcion.cl\/sitio\/wp-json\/wp\/v2\/media?parent=9846"}],"wp:term":[{"taxonomy":"category","embeddable":true,"href":"http:\/\/sanignacioconcepcion.cl\/sitio\/wp-json\/wp\/v2\/categories?post=9846"},{"taxonomy":"post_tag","embeddable":true,"href":"http:\/\/sanignacioconcepcion.cl\/sitio\/wp-json\/wp\/v2\/tags?post=9846"}],"curies":[{"name":"wp","href":"https:\/\/api.w.org\/{rel}","templated":true}]}}